{"id":9649,"date":"2025-09-22T16:32:52","date_gmt":"2025-09-22T16:32:52","guid":{"rendered":"https:\/\/cftc-atosworldline.fr\/wp\/?p=9649"},"modified":"2025-09-22T16:35:20","modified_gmt":"2025-09-22T16:35:20","slug":"devenir-representant-du-personnel-cest-investir-en-vous-meme","status":"publish","type":"post","link":"https:\/\/cftc-atosworldline.fr\/wp\/blog\/2025\/09\/22\/devenir-representant-du-personnel-cest-investir-en-vous-meme\/","title":{"rendered":"Devenir repr\u00e9sentant du personnel, c\u2019est investir en vous-m\u00eame"},"content":{"rendered":"\n<p class=\"wp-block-paragraph\">On imagine la repr\u00e9sentation du personnel comme une mission lourde, chronophage, presque sacrificielle. C\u2019est une vision r\u00e9ductrice. S\u2019engager dans la repr\u00e9sentation, c\u2019est aussi acc\u00e9der \u00e0 une v\u00e9ritable <strong>\u00e9cole du savoir-faire collectif<\/strong>.<\/p>\n\n\n\n<h2 class=\"wp-block-heading\">Des comp\u00e9tences qui valent de l\u2019or&nbsp;<\/h2>\n\n\n\n<p class=\"wp-block-paragraph\">Prendre la parole au nom de ses coll\u00e8gues, n\u00e9gocier avec la direction, d\u00e9crypter les enjeux sociaux, techniques ou \u00e9conomiques, organiser une \u00e9quipe, r\u00e9soudre des conflits : toutes ces exp\u00e9riences forgent des comp\u00e9tences uniques. Elles ne s\u2019apprennent ni dans les manuels, ni dans les formations classiques. Elles s\u2019acqui\u00e8rent sur le terrain, dans l\u2019action, et elles restent pour la vie.&nbsp;<\/p>\n\n\n\n<h2 class=\"wp-block-heading\">Une \u00e9cole de l\u2019empathie \u00e9largie&nbsp;<\/h2>\n\n\n\n<p class=\"wp-block-paragraph\">\u00catre repr\u00e9sentant, ce n\u2019est pas d\u00e9fendre uniquement son point de vue ou sa propre situation. C\u2019est apprendre \u00e0 <strong>mettre de c\u00f4t\u00e9 ses int\u00e9r\u00eats personnels pour embrasser ceux de l\u2019ensemble des salari\u00e9s<\/strong>. Cela signifie \u00e9couter des perspectives parfois contradictoires, les comprendre, et chercher \u00e0 les r\u00e9concilier dans une position commune. C\u2019est une forme d\u2019empathie \u00e9volu\u00e9e, qui ne se limite pas \u00e0 \u201cse mettre \u00e0 la place de l\u2019autre\u201d, mais \u00e0 int\u00e9grer <strong>toutes les places possibles<\/strong>.&nbsp;<br>Dans un monde o\u00f9 les \u00e9conomies \u00e9voluent vite, o\u00f9 l\u2019innovation r\u00e9clame toujours plus de coop\u00e9ration et de compr\u00e9hension mutuelle, cette capacit\u00e9 devient un atout rare. Devenir repr\u00e9sentant, c\u2019est donc aussi se pr\u00e9parer aux d\u00e9fis futurs o\u00f9 cette forme d\u2019empathie sera la cl\u00e9 de toute transformation durable.&nbsp;<\/p>\n\n\n\n<h2 class=\"wp-block-heading\">Un acc\u00e9l\u00e9rateur de leadership&nbsp;<\/h2>\n\n\n\n<p class=\"wp-block-paragraph\">\u00catre repr\u00e9sentant, c\u2019est d\u00e9velopper une capacit\u00e9 rare : savoir \u00e9couter les autres tout en portant une vision commune. C\u2019est apprendre \u00e0 convaincre, \u00e0 construire des compromis solides, \u00e0 cr\u00e9er de la confiance l\u00e0 o\u00f9 r\u00e8gne parfois la d\u00e9fiance. En bref, c\u2019est devenir un <strong>leader authentique<\/strong>, dont l\u2019autorit\u00e9 repose sur l\u2019exp\u00e9rience et la l\u00e9gitimit\u00e9 plut\u00f4t que sur un titre hi\u00e9rarchique.&nbsp;<\/p>\n\n\n\n<h2 class=\"wp-block-heading\">Redonner du sens au travail&nbsp;<\/h2>\n\n\n\n<p class=\"wp-block-paragraph\">On ne s\u2019engage pas seulement pour d\u00e9fendre des droits. On s\u2019engage aussi pour donner une voix \u00e0 celles et ceux qui n\u2019en ont pas toujours, pour veiller \u00e0 l\u2019\u00e9quit\u00e9, pour faire en sorte que les transformations de l\u2019entreprise se construisent avec et non contre les salari\u00e9s. Cet engagement redonne du sens au quotidien : on n\u2019est plus seulement ex\u00e9cutant, on devient acteur du changement.&nbsp;<\/p>\n\n\n\n<h2 class=\"wp-block-heading\">Un levier indispensable&nbsp;<\/h2>\n\n\n\n<p class=\"wp-block-paragraph\">Dans toute organisation, l\u2019\u00e9quilibre repose sur la confrontation constructive des points de vue. Sans repr\u00e9sentants, la d\u00e9mocratie au travail reste incompl\u00e8te. \u00catre porte-parole de ses pairs, c\u2019est garantir que les d\u00e9cisions ne reposent pas uniquement sur des logiques financi\u00e8res ou organisationnelles, mais aussi sur la r\u00e9alit\u00e9 v\u00e9cue du terrain.&nbsp;<\/p>\n\n\n\n<h2 class=\"wp-block-heading\">Et si c\u2019\u00e9tait vous ?&nbsp;<\/h2>\n\n\n\n<p class=\"wp-block-paragraph\">La repr\u00e9sentation n\u2019est pas r\u00e9serv\u00e9e \u00e0 une \u00e9lite de sp\u00e9cialistes. Chacun peut s\u2019y investir, avec sa sensibilit\u00e9, ses comp\u00e9tences, sa connaissance du m\u00e9tier. C\u2019est souvent en partant d\u2019un doute ou d\u2019une simple envie de faire mieux pour ses coll\u00e8gues qu\u2019on franchit le pas. Et c\u2019est ainsi qu\u2019on d\u00e9couvre, chemin faisant, qu\u2019on a bien plus \u00e0 apporter \u2013 et \u00e0 recevoir \u2013 qu\u2019on ne l\u2019imaginait.&nbsp;<\/p>\n\n\n\n<h2 class=\"wp-block-heading\">En conclusion&nbsp;<\/h2>\n\n\n\n<p class=\"wp-block-paragraph\">S\u2019engager comme repr\u00e9sentant du personnel, ce n\u2019est pas un d\u00e9tour dans une carri\u00e8re. C\u2019est une exp\u00e9rience humaine et professionnelle qui enrichit, qui forme, et qui donne une force durable : celle de faire entendre sa voix et d\u2019aider les autres \u00e0 faire entendre la leur.&nbsp;<\/p>\n\n\n\n<p class=\"wp-block-paragraph\">N\u2019h\u00e9site plus, <a href=\"https:\/\/cftc-atosworldline.fr\/wp\/blog\/2025\/01\/22\/rejoindre-lequipe-cftc-worldline-oui\/\" target=\"_blank\" rel=\"noreferrer noopener\">rejoins-nous<\/a> ! Prends <a href=\"mailto:dl-fr-cftc-ds@worldline.com\" target=\"_blank\" rel=\"noreferrer noopener\">contact<\/a> si tu as besoin de plus de pr\u00e9cisions \ud83d\ude09 &nbsp;<\/p>\n\n\n\n<p class=\"wp-block-paragraph\">L\u2019\u00e9quipe CFTC&nbsp;<\/p>\n\n\n\n<p class=\"wp-block-paragraph\">\u201cToujours proposer, savoir s\u2019opposer\u201d !&nbsp;<\/p>\n","protected":false},"excerpt":{"rendered":"<p>On imagine la repr\u00e9sentation du personnel comme une mission lourde, chronophage, presque sacrificielle. C\u2019est une vision r\u00e9ductrice. S\u2019engager dans la repr\u00e9sentation, c\u2019est aussi acc\u00e9der \u00e0 une v\u00e9ritable \u00e9cole du savoir-faire collectif. Des comp\u00e9tences qui valent de l\u2019or&nbsp; Prendre la parole au nom de ses coll\u00e8gues, n\u00e9gocier avec la direction, d\u00e9crypter les enjeux sociaux, techniques ou [&hellip;]<\/p>\n","protected":false},"author":1,"featured_media":9650,"comment_status":"open","ping_status":"closed","sticky":false,"template":"","format":"standard","meta":{"_crdt_document":"","rop_custom_images_group":[],"rop_custom_messages_group":[],"rop_publish_now":"initial","rop_publish_now_accounts":[],"rop_publish_now_history":[],"rop_publish_now_status":"pending","footnotes":""},"categories":[4,347],"tags":[280,46,213,212],"class_list":["post-9649","post","type-post","status-publish","format-standard","has-post-thumbnail","hentry","category-actualites-sociales","category-election-cse","tag-cse","tag-election","tag-slider","tag-ticker"],"_links":{"self":[{"href":"https:\/\/cftc-atosworldline.fr\/wp\/wp-json\/wp\/v2\/posts\/9649","targetHints":{"allow":["GET"]}}],"collection":[{"href":"https:\/\/cftc-atosworldline.fr\/wp\/wp-json\/wp\/v2\/posts"}],"about":[{"href":"https:\/\/cftc-atosworldline.fr\/wp\/wp-json\/wp\/v2\/types\/post"}],"author":[{"embeddable":true,"href":"https:\/\/cftc-atosworldline.fr\/wp\/wp-json\/wp\/v2\/users\/1"}],"replies":[{"embeddable":true,"href":"https:\/\/cftc-atosworldline.fr\/wp\/wp-json\/wp\/v2\/comments?post=9649"}],"version-history":[{"count":2,"href":"https:\/\/cftc-atosworldline.fr\/wp\/wp-json\/wp\/v2\/posts\/9649\/revisions"}],"predecessor-version":[{"id":9652,"href":"https:\/\/cftc-atosworldline.fr\/wp\/wp-json\/wp\/v2\/posts\/9649\/revisions\/9652"}],"wp:featuredmedia":[{"embeddable":true,"href":"https:\/\/cftc-atosworldline.fr\/wp\/wp-json\/wp\/v2\/media\/9650"}],"wp:attachment":[{"href":"https:\/\/cftc-atosworldline.fr\/wp\/wp-json\/wp\/v2\/media?parent=9649"}],"wp:term":[{"taxonomy":"category","embeddable":true,"href":"https:\/\/cftc-atosworldline.fr\/wp\/wp-json\/wp\/v2\/categories?post=9649"},{"taxonomy":"post_tag","embeddable":true,"href":"https:\/\/cftc-atosworldline.fr\/wp\/wp-json\/wp\/v2\/tags?post=9649"}],"curies":[{"name":"wp","href":"https:\/\/api.w.org\/{rel}","templated":true}]}}