{"id":8573,"date":"2024-07-19T10:09:36","date_gmt":"2024-07-19T10:09:36","guid":{"rendered":"https:\/\/cftc-atosworldline.fr\/wp\/?p=8573"},"modified":"2024-07-19T10:10:10","modified_gmt":"2024-07-19T10:10:10","slug":"rcc-inegalites-a-la-cle","status":"publish","type":"post","link":"https:\/\/cftc-atosworldline.fr\/wp\/blog\/2024\/07\/19\/rcc-inegalites-a-la-cle\/","title":{"rendered":"RCC &#8211; analyse de l&#8217;accord : in\u00e9galit\u00e9s \u00e0 la cl\u00e9"},"content":{"rendered":"\n<p class=\"wp-block-paragraph\">Bonjour \u00e0 tous,<\/p>\n\n\n\n<p class=\"wp-block-paragraph\">Certaines communications se r\u00e9jouissent de l\u2019accord promulgu\u00e9 le 18 juin suite \u00e0 la signature de 2 syndicats majoritaires. La CFTC a d\u00e9cid\u00e9, sans vraiment d\u2019h\u00e9sitation, de ne pas signer la proposition de la direction. Voici, en graphes et en chiffres, les raisons pour lesquelles nous pensons que l\u2019accord n\u2019est pas assez bon.<\/p>\n\n\n\n<p class=\"wp-block-paragraph\"><\/p>\n\n\n\n<h2 class=\"wp-block-heading\"><strong>Un accord RCC en-dessous des standards du march\u00e9<\/strong><\/h2>\n\n\n\n<p class=\"wp-block-paragraph\">Voici un comparatif r\u00e9alis\u00e9 par nos soins d\u2019apr\u00e8s des accords RCC r\u00e9cents dans des entreprises comparables \u00e0 Worldline (grandes entreprises en bonne sant\u00e9 financi\u00e8re).<\/p>\n\n\n\n<figure class=\"wp-block-image size-full\"><a href=\"https:\/\/cftc-atosworldline.fr\/wp\/wp-content\/uploads\/2024\/07\/image-2.png\"><img loading=\"lazy\" decoding=\"async\" width=\"714\" height=\"779\" src=\"https:\/\/cftc-atosworldline.fr\/wp\/wp-content\/uploads\/2024\/07\/image-2.png\" alt=\"\" class=\"wp-image-8577\" srcset=\"https:\/\/cftc-atosworldline.fr\/wp\/wp-content\/uploads\/2024\/07\/image-2.png 714w, https:\/\/cftc-atosworldline.fr\/wp\/wp-content\/uploads\/2024\/07\/image-2-320x349.png 320w, https:\/\/cftc-atosworldline.fr\/wp\/wp-content\/uploads\/2024\/07\/image-2-504x550.png 504w, https:\/\/cftc-atosworldline.fr\/wp\/wp-content\/uploads\/2024\/07\/image-2-273x298.png 273w, https:\/\/cftc-atosworldline.fr\/wp\/wp-content\/uploads\/2024\/07\/image-2-367x400.png 367w\" sizes=\"auto, (max-width: 714px) 100vw, 714px\" \/><\/a><\/figure>\n\n\n\n<p class=\"wp-block-paragraph\">Quels que soient l\u2019anciennet\u00e9 et l\u2019\u00e2ge du salari\u00e9, vous pouvez constater que l\u2019indemnit\u00e9 offerte par Worldline est bien souvent parmi les plus faibles du march\u00e9. Au mieux, dans la moyenne.<\/p>\n\n\n\n<p class=\"wp-block-paragraph\">Cela corrobore nos estimations qui permettent de conclure que la direction va \u00e9conomiser 5 \u00e0 15 millions d\u2019euros par rapport \u00e0 l\u2019enveloppe provisionn\u00e9e pour les frais de d\u00e9part chez Worldline France, gr\u00e2ce \u00e0 cette RCC. Nos estimations sont effectu\u00e9es d\u2019apr\u00e8s des donn\u00e9es fournies par les Cabinets d\u2019Experts travaillant pour le CSE France.<\/p>\n\n\n\n<p class=\"wp-block-paragraph\"><\/p>\n\n\n\n<h2 class=\"wp-block-heading\">Disclaimer sur le principe d&#8217;une n\u00e9gociation RCC<\/h2>\n\n\n\n<p class=\"wp-block-paragraph\">Avant d&#8217;entrer dans les d\u00e9tails, nous nous r\u00e9jouissons pour tous les coll\u00e8gues auxquels ce plan permettra de n\u00e9gocier un tournant souhait\u00e9 dans leur vie (aubaine financi\u00e8re pour les uns, voie de sortie pour d&#8217;autres ou encore concr\u00e9tisation d&#8217;une aspiration aussi bien professionnelle que personnelle). Mais cette satisfaction ne saurait occulter notre pr\u00e9occupation devant le sort de beaucoup d&#8217;autres salari\u00e9s qui vont p\u00e2tir des cons\u00e9quences de ce plan de d\u00e9part.<\/p>\n\n\n\n<p class=\"wp-block-paragraph\">Le principe d&#8217;une rupture conventionnelle collective est d&#8217;inciter une partie des salari\u00e9s \u00e0 quitter volontairement l&#8217;entreprise en leur proposant des conditions suffisamment attractives pour les d\u00e9cider \u00e0 sauter le pas, selon diverses modalit\u00e9s (cr\u00e9ation d&#8217;entreprise, nouveau poste salari\u00e9, reconversion ou retraite). Les aspects positifs de l&#8217;accord (mis en avant dans les communications de la direction et des syndicats signataires) participent de l&#8217;attractivit\u00e9 de l&#8217;offre. Cette attractivit\u00e9 est en principe essentielle \u00e0 la r\u00e9ussite du plan de rupture et \u00e0 l&#8217;atteinte de ses objectifs.<\/p>\n\n\n\n<p class=\"wp-block-paragraph\">Il est entendu que le r\u00f4le des organisations syndicales dans ce type de n\u00e9gociations est de veiller \u00e0 ce que les int\u00e9r\u00eats des salari\u00e9s ne soient pas bafou\u00e9s. Elles ne d\u00e9cident ni du budget global allou\u00e9, ni des objectifs r\u00e9els de la direction de l&#8217;entreprise&nbsp;; mais du fait du pouvoir que leur donne la loi via l&#8217;obligation de signature, elles peuvent instaurer un rapport de force leur permettant de repousser certaines limites ou d&#8217;infl\u00e9chir certaines orientations de l&#8217;accord, en vue d&#8217;une plus grande \u00e9quit\u00e9 par exemple. Elles peuvent encore s&#8217;efforcer d&#8217;arracher des garanties pour l&#8217;avenir des salari\u00e9s restant. &nbsp;<\/p>\n\n\n\n<p class=\"wp-block-paragraph\"><\/p>\n\n\n\n<h2 class=\"wp-block-heading\"><strong>Pour ceux qui partent&nbsp;: de fortes in\u00e9quit\u00e9s de traitement<\/strong><\/h2>\n\n\n\n<p class=\"wp-block-paragraph\">Beaucoup d\u2019argent va profiter aux salari\u00e9s partants, mais pas \u00e9quitablement.<\/p>\n\n\n\n<figure class=\"wp-block-image size-full\"><a href=\"https:\/\/cftc-atosworldline.fr\/wp\/wp-content\/uploads\/2024\/07\/image-3.png\"><img loading=\"lazy\" decoding=\"async\" width=\"843\" height=\"635\" src=\"https:\/\/cftc-atosworldline.fr\/wp\/wp-content\/uploads\/2024\/07\/image-3.png\" alt=\"\" class=\"wp-image-8578\" srcset=\"https:\/\/cftc-atosworldline.fr\/wp\/wp-content\/uploads\/2024\/07\/image-3.png 843w, https:\/\/cftc-atosworldline.fr\/wp\/wp-content\/uploads\/2024\/07\/image-3-320x241.png 320w, https:\/\/cftc-atosworldline.fr\/wp\/wp-content\/uploads\/2024\/07\/image-3-768x579.png 768w, https:\/\/cftc-atosworldline.fr\/wp\/wp-content\/uploads\/2024\/07\/image-3-730x550.png 730w, https:\/\/cftc-atosworldline.fr\/wp\/wp-content\/uploads\/2024\/07\/image-3-396x298.png 396w, https:\/\/cftc-atosworldline.fr\/wp\/wp-content\/uploads\/2024\/07\/image-3-100x76.png 100w, https:\/\/cftc-atosworldline.fr\/wp\/wp-content\/uploads\/2024\/07\/image-3-531x400.png 531w\" sizes=\"auto, (max-width: 843px) 100vw, 843px\" \/><\/a><\/figure>\n\n\n\n<p class=\"wp-block-paragraph\"><\/p>\n\n\n\n<h3 class=\"wp-block-heading\">Jackpot pour les futurs retrait\u00e9s et les hauts salaires<\/h3>\n\n\n\n<p class=\"wp-block-paragraph\">Ces 2 cat\u00e9gories ont \u00e9t\u00e9 d\u00e9fendues par les 2 syndicats signataires, avec succ\u00e8s&nbsp;:<\/p>\n\n\n\n<h4 class=\"wp-block-heading\">Les futurs retrait\u00e9s<\/h4>\n\n\n\n<p class=\"wp-block-paragraph\">En plus d\u2019\u00eatre les plus prioritaires dans l\u2019ordre des d\u00e9parts (avant les reconversions, CDI, etc), toucheront jusqu\u2019\u00e0 40 mois de salaires d\u2019indemnit\u00e9 (A partir de 30 ann\u00e9es d\u2019anciennet\u00e9).<\/p>\n\n\n\n<p class=\"wp-block-paragraph\">Les futurs pr\u00e9-retrait\u00e9s pourront m\u00eame cumuler avec cette belle indemnit\u00e9 un \u00e9quivalent de pr\u00e9-retraite&nbsp;: 18 mois de \u00ab&nbsp;cong\u00e9 mobilit\u00e9&nbsp;\u00bb avec maintien partiel du salaire&nbsp;: 12 mois \u00e0 75% du brut puis 6 mois \u00e0 55%. Soit environ 4,5 ans de salaire brut au total.<\/p>\n\n\n\n<h4 class=\"wp-block-heading\">Les hauts salaires<\/h4>\n\n\n\n<p class=\"wp-block-paragraph\">Le plafond de l\u2019indemnit\u00e9 a \u00e9t\u00e9 hauss\u00e9 \u00e0 300k\u20ac au dernier moment, \u00e0 la demande d\u2019un syndicat signataire (qui ne \u00ab&nbsp;voulait pas l\u00e9ser les hauts salaires&nbsp;\u00bb). Pour atteindre ce plafond, avec 40 mois de salaire, il faut un salaire mensuel de 7500\u20ac (ce qui concerne 3 \u00e0 4% de la population Worldline France).<\/p>\n\n\n\n<blockquote class=\"wp-block-quote is-layout-flow wp-block-quote-is-layout-flow\">\n<p class=\"wp-block-paragraph\">\u00ab 300K\u20ac pour se d\u00e9barrasser d&#8217;un employ\u00e9\u2026 C&#8217;est juste dingue\u2026 \u00bb<\/p>\n<cite>Un coll\u00e8gue<\/cite><\/blockquote>\n\n\n\n<figure class=\"wp-block-image size-full\"><a href=\"https:\/\/cftc-atosworldline.fr\/wp\/wp-content\/uploads\/2024\/07\/image-4.png\"><img loading=\"lazy\" decoding=\"async\" width=\"656\" height=\"500\" src=\"https:\/\/cftc-atosworldline.fr\/wp\/wp-content\/uploads\/2024\/07\/image-4.png\" alt=\"\" class=\"wp-image-8579\" srcset=\"https:\/\/cftc-atosworldline.fr\/wp\/wp-content\/uploads\/2024\/07\/image-4.png 656w, https:\/\/cftc-atosworldline.fr\/wp\/wp-content\/uploads\/2024\/07\/image-4-320x244.png 320w, https:\/\/cftc-atosworldline.fr\/wp\/wp-content\/uploads\/2024\/07\/image-4-391x298.png 391w, https:\/\/cftc-atosworldline.fr\/wp\/wp-content\/uploads\/2024\/07\/image-4-100x76.png 100w, https:\/\/cftc-atosworldline.fr\/wp\/wp-content\/uploads\/2024\/07\/image-4-525x400.png 525w\" sizes=\"auto, (max-width: 656px) 100vw, 656px\" \/><\/a><\/figure>\n\n\n\n<p class=\"wp-block-paragraph\"><\/p>\n\n\n\n<h3 class=\"wp-block-heading\">Les anciennet\u00e9s &lt; 15 ans mal valoris\u00e9es<\/h3>\n\n\n\n<p class=\"wp-block-paragraph\">Dans la plupart des RCC, les 10 ou 15 premi\u00e8res ann\u00e9es d\u2019anciennet\u00e9 sont mieux valoris\u00e9es que les suivantes. Chez Worldline, ce sera l\u2019inverse&nbsp;:<\/p>\n\n\n\n<ul class=\"wp-block-list\">\n<li>les 15 premi\u00e8res ann\u00e9es sont valoris\u00e9es \u00e0 hauteur de 1.25 MS\/AA (mois de salaire par ann\u00e9e d\u2019anciennet\u00e9)<\/li>\n\n\n\n<li>les suivantes sont valoris\u00e9es 1.5 MS\/AA<\/li>\n<\/ul>\n\n\n\n<p class=\"wp-block-paragraph\">Cons\u00e9quence \u00e9vidente&nbsp;: les indemnit\u00e9s touch\u00e9es par les salari\u00e9s ayant moins de 15 ans d\u2019anciennet\u00e9 sont parmi les plus faibles de notre comparatif (voir plus haut). La RCC est donc peu incitative pour cette cat\u00e9gorie de salari\u00e9s, qui repr\u00e9sente pourtant 64% de la population totale.<\/p>\n\n\n\n<figure class=\"wp-block-image size-full is-resized\"><a href=\"https:\/\/cftc-atosworldline.fr\/wp\/wp-content\/uploads\/2024\/07\/image-5.png\"><img loading=\"lazy\" decoding=\"async\" width=\"619\" height=\"577\" src=\"https:\/\/cftc-atosworldline.fr\/wp\/wp-content\/uploads\/2024\/07\/image-5.png\" alt=\"\" class=\"wp-image-8580\" style=\"width:548px;height:auto\" srcset=\"https:\/\/cftc-atosworldline.fr\/wp\/wp-content\/uploads\/2024\/07\/image-5.png 619w, https:\/\/cftc-atosworldline.fr\/wp\/wp-content\/uploads\/2024\/07\/image-5-320x298.png 320w, https:\/\/cftc-atosworldline.fr\/wp\/wp-content\/uploads\/2024\/07\/image-5-590x550.png 590w, https:\/\/cftc-atosworldline.fr\/wp\/wp-content\/uploads\/2024\/07\/image-5-429x400.png 429w\" sizes=\"auto, (max-width: 619px) 100vw, 619px\" \/><\/a><figcaption class=\"wp-element-caption\">Pyramide des anciennet\u00e9s Worldline France au 1er janvier 2023<\/figcaption><\/figure>\n\n\n\n<p class=\"wp-block-paragraph\">Nous tenons \u00e0 souligner l&#8217;absurdit\u00e9 et la cruaut\u00e9 inh\u00e9rentes \u00e0 cet accord vis \u00e0 vis des salari\u00e9s directement vis\u00e9s par les suppressions de postes. En effet, beaucoup ne r\u00e9unissent pas les conditions de niveau de salaire et d&#8217;anciennet\u00e9 leur permettant d&#8217;envisager de partir gr\u00e2ce \u00e0 un niveau d&#8217;indemnit\u00e9 \u00e0 la hauteur des risques li\u00e9s \u00e0 une rupture de contrat.<\/p>\n\n\n\n<p class=\"wp-block-paragraph\">Ces derniers vont voir leurs difficult\u00e9s s&#8217;accentuer (nous les invitons du reste \u00e0 se rapprocher du syndicat de leur choix). Ainsi, par exemple, les petits et moyens salaires avec une anciennet\u00e9 n&#8217;exc\u00e9dant pas une quinzaine d&#8217;ann\u00e9e, trop \u00e2g\u00e9s pour esp\u00e9rer retrouver un emploi, mais bien trop loin de la retraite, devront choisir entre la peste et le chol\u00e9ra : la pr\u00e9carit\u00e9 professionnelle s&#8217;ils restent, la pr\u00e9carit\u00e9 financi\u00e8re s&#8217;ils partent. Nous tenons \u00e0 rappeler que 800 000+ s\u00e9niors (55+) sont aujourd&#8217;hui \u00e0 <a href=\"https:\/\/www.linkedin.com\/company\/francetravail\/\">France Travail<\/a>. En outre, certains salari\u00e9s seront contraints de d\u00e9m\u00e9nager pour esp\u00e9rer trouver un nouvel emploi (notamment ceux des sites Blaisois et Vend\u00f4mois) avec des co\u00fbts attenants qui ne sont pas couverts par les montants de leur indemnit\u00e9.<\/p>\n\n\n\n<p class=\"wp-block-paragraph\"><\/p>\n\n\n\n<h3 class=\"wp-block-heading\">Les faibles salaires d\u00e9favoris\u00e9s (techniciens, exploitants, assistantes\u2026)<\/h3>\n\n\n\n<p class=\"wp-block-paragraph\">Les montants allou\u00e9s aux bas salaires sont peu incitatifs. D\u2019ailleurs, l\u2019accord RCC ne pr\u00e9voit aucun plancher pour l\u2019indemnit\u00e9 de d\u00e9part (seulement l\u2019indemnit\u00e9 minimum l\u00e9gale), ce qui est tr\u00e8s rare dans les RCC.<\/p>\n\n\n\n<p class=\"wp-block-paragraph\">Pour prendre un exemple flagrant, si l\u2019on compare la RCC Worldline et la RCC Microsoft de 2023&nbsp;:<\/p>\n\n\n\n<ul class=\"wp-block-list\">\n<li>avec 10 ans d\u2019anciennet\u00e9, un technicien touchant 25&nbsp;000\u20ac\/an percevra une indemnit\u00e9 de d\u00e9part de 26&nbsp;042\u20ac&nbsp;; ce serait minimum 9375\u20ac de plus chez Microsoft (et m\u00eame 13541\u20ac pour un salari\u00e9 de plus de 50 ans)<\/li>\n\n\n\n<li>avec 15 ans d\u2019anciennet\u00e9, un technicien touchant 35&nbsp;000\u20ac\/an percevra 54688 d\u2019indemnit\u00e9 \u20ac chez Worldline&nbsp;; contre 18229\u20ac \u00e0 26395\u20ac de plus chez Microsoft.<\/li>\n<\/ul>\n\n\n\n<p class=\"wp-block-paragraph\">Pour aller plus loin\u2026<\/p>\n\n\n\n<p class=\"wp-block-paragraph\"><\/p>\n\n\n\n<ul class=\"wp-block-list\">\n<li>Une RCC qui met en risque les salari\u00e9s \u00ab&nbsp;qui restent&nbsp;\u00bb chez Worldline France<\/li>\n\n\n\n<li>Pour les salari\u00e9s dont le poste dispara\u00eet, tr\u00e8s peu de garanties<\/li>\n\n\n\n<li>Un process de mobilit\u00e9 interne flou<\/li>\n\n\n\n<li>La cr\u00e9ation d\u2019entreprise insuffisamment encourag\u00e9e<\/li>\n<\/ul>\n\n\n\n<figure class=\"wp-block-image size-large\"><a href=\"https:\/\/cftc-atosworldline.fr\/wp\/wp-content\/uploads\/2024\/07\/image-6.png\"><img loading=\"lazy\" decoding=\"async\" width=\"960\" height=\"593\" src=\"https:\/\/cftc-atosworldline.fr\/wp\/wp-content\/uploads\/2024\/07\/image-6-960x593.png\" alt=\"\" class=\"wp-image-8582\" srcset=\"https:\/\/cftc-atosworldline.fr\/wp\/wp-content\/uploads\/2024\/07\/image-6-960x593.png 960w, https:\/\/cftc-atosworldline.fr\/wp\/wp-content\/uploads\/2024\/07\/image-6-320x198.png 320w, https:\/\/cftc-atosworldline.fr\/wp\/wp-content\/uploads\/2024\/07\/image-6-768x474.png 768w, https:\/\/cftc-atosworldline.fr\/wp\/wp-content\/uploads\/2024\/07\/image-6-825x510.png 825w, https:\/\/cftc-atosworldline.fr\/wp\/wp-content\/uploads\/2024\/07\/image-6-321x198.png 321w, https:\/\/cftc-atosworldline.fr\/wp\/wp-content\/uploads\/2024\/07\/image-6-891x550.png 891w, https:\/\/cftc-atosworldline.fr\/wp\/wp-content\/uploads\/2024\/07\/image-6-483x298.png 483w, https:\/\/cftc-atosworldline.fr\/wp\/wp-content\/uploads\/2024\/07\/image-6-648x400.png 648w, https:\/\/cftc-atosworldline.fr\/wp\/wp-content\/uploads\/2024\/07\/image-6.png 975w\" sizes=\"auto, (max-width: 960px) 100vw, 960px\" \/><\/a><figcaption class=\"wp-element-caption\"><em>Microsoft vs Worldline&nbsp;: comparaison des indemnit\u00e9s de d\u00e9part RCC<\/em><\/figcaption><\/figure>\n\n\n\n<h3 class=\"wp-block-heading\">L\u2019emploi peu favoris\u00e9, en interne comme en externe<\/h3>\n\n\n\n<h4 class=\"wp-block-heading\">Un process de mobilit\u00e9 interne flou<\/h4>\n\n\n\n<p class=\"wp-block-paragraph\">La direction a souhait\u00e9 inclure le process de mobilit\u00e9 interne dans la RCC, ce qui est assez curieux. De prime abord, cela peut inciter des personnes \u00e0 rester chez Worldline tout en d\u00e9cr\u00e9mentant le compteur de 266, ce qui permet de sauver des emplois dans notre entreprise et en France. Sauf que le process d\u00e9crit est assez semblable \u00e0 celui en vigueur chez Worldline, il n\u2019y a donc gu\u00e8re de raison de penser que la RCC va par ce biais, acc\u00e9l\u00e9rer les mobilit\u00e9s internes. Par exemple, l\u2019accord aurait pu garantir de pouvoir b\u00e9n\u00e9ficier de formations d\u2019adaptation au nouveau poste. De plus le process d\u00e9crit est relativement informe, donc non auditable par les repr\u00e9sentants du personnel&#8230;<\/p>\n\n\n\n<p class=\"wp-block-paragraph\">Le seul engagement mesurable de la direction figurant dans l\u2019accord est une \u00ab&nbsp;indemnit\u00e9 de mobilit\u00e9 fonctionnelle&nbsp;\u00bb, ajout\u00e9e juste avant la signature de l\u2019accord (mais le terme de mobilit\u00e9 fonctionnelle, qui semble diff\u00e9rent d\u2019une mobilit\u00e9 interne, n\u2019est pas d\u00e9fini dans l\u2019accord\u2026).<\/p>\n\n\n\n<p class=\"wp-block-paragraph\">Les autres engagements reposent sur le bon vouloir et la disponibilit\u00e9 des RH, ce qui n\u2019est pas un gage de fiabilit\u00e9 d\u2019ex\u00e9cution puisque ceux-ci sont sous-staff\u00e9s.<\/p>\n\n\n\n<h4 class=\"wp-block-heading\">La cr\u00e9ation d\u2019entreprise insuffisamment encourag\u00e9e<\/h4>\n\n\n\n<p class=\"wp-block-paragraph\">A la suite d\u2019un autre syndicat, nous souhaitions particuli\u00e8rement favoriser les quelques d\u00e9parts via un projet cr\u00e9ant de l\u2019emploi en France&nbsp;: la cr\u00e9ation\/reprise\/d\u00e9veloppement d\u2019entreprise. Ces dossiers peuvent \u00eatre longs \u00e0 monter, aussi nous souhaitions que ces personnes aient jusqu\u2019\u00e0 mi-septembre pour finaliser leur dossier. Puisqu\u2019ils cr\u00e9ent de l\u2019emploi, nous souhaitions ainsi que l\u2019ordre de d\u00e9partage les rende plus prioritaires que les d\u00e9parts en CDI.<\/p>\n\n\n\n<p class=\"wp-block-paragraph\">La direction n\u2019y \u00e9tait gu\u00e8re favorable, et au final ces revendications ne figurent pas dans l\u2019accord final.<\/p>\n\n\n\n<p class=\"wp-block-paragraph\"><\/p>\n\n\n\n<h2 class=\"wp-block-heading\">Pour les salari\u00e9s dont le poste dispara\u00eet, tr\u00e8s peu de garanties<\/h2>\n\n\n\n<p class=\"wp-block-paragraph\">Nous avons plus haut, soulign\u00e9 l&#8217;absurdit\u00e9 et la cruaut\u00e9 inh\u00e9rentes \u00e0 cet accord vis \u00e0 vis des salari\u00e9s directement vis\u00e9s par les suppressions de postes&nbsp;: ils seront livr\u00e9s \u00e0 eux-m\u00eames pour s\u2019assurer un avenir (chez Worldline, ou en dehors).<\/p>\n\n\n\n<p class=\"wp-block-paragraph\">D\u2019un c\u00f4t\u00e9, les mesures pr\u00e9vues pour les aider \u00e0 se reconvertir chez Worldline (qui rel\u00e8vent pourtant de l\u2019obligation l\u00e9gale) ne sont gu\u00e8re plus qu\u2019une d\u00e9claration d\u2019intention&nbsp;: pas de temps de formation budg\u00e9t\u00e9, de suivi de la recherche de reclassement interne par les RH (qui n\u2019ont pas le temps pour \u00e7a de toute fa\u00e7on), etc.<\/p>\n\n\n\n<p class=\"wp-block-paragraph\">D\u2019un autre, beaucoup de salari\u00e9s dans cette situation ne r\u00e9unissent pas les conditions de niveau de salaire et d&#8217;anciennet\u00e9 leur permettant d&#8217;envisager de partir alors que l&#8217;indemnit\u00e9 sur laquelle ils pourront compter ne couvrira pas les risques li\u00e9s \u00e0 une rupture de contrat.<br>Ces derniers vont voir leurs difficult\u00e9s s&#8217;accentuer (nous les invitons du reste \u00e0 se rapprocher du syndicat de leur choix). Ainsi, par exemple, les petits et moyens salaires avec une anciennet\u00e9 n&#8217;exc\u00e9dant pas une quinzaine d&#8217;ann\u00e9e, trop \u00e2g\u00e9s pour esp\u00e9rer retrouver un emploi, mais bien trop loin de la retraite, seront jet\u00e9s aux orties : condamn\u00e9s s&#8217;ils restent \u00e0 la pr\u00e9carit\u00e9 professionnelle et s&#8217;ils partent, \u00e0 la pr\u00e9carit\u00e9 financi\u00e8re. Nous tenons \u00e0 rappeler que 800 000+ s\u00e9niors (55 ans et +) sont aujourd&#8217;hui \u00e0 <a href=\"https:\/\/www.linkedin.com\/company\/francetravail\/\">France Travail<\/a>. En outre, certains salari\u00e9s seront contraints de d\u00e9m\u00e9nager pour esp\u00e9rer trouver un nouvel emploi (notamment ceux des sites Blaisois et Vend\u00f4mois) avec des co\u00fbts attenants exc\u00e9dant de beaucoup le montant de leur indemnit\u00e9.<\/p>\n\n\n\n<h2 class=\"wp-block-heading\">&nbsp;<\/h2>\n\n\n\n<h2 class=\"wp-block-heading\">Aucune contrepartie \u00e0 la logique dangereuse de cette RCC<\/h2>\n\n\n\n<p class=\"wp-block-paragraph\">Cette n\u00e9gociation RCC diff\u00e8re des autres n\u00e9gociation en ce sens qu&#8217;elle va r\u00e9sulter dans la mise en risque d\u00e8s le mois de septembre des salari\u00e9s Worldline France \u00ab&nbsp;qui resteront&nbsp;\u00bb alors qu&#8217;ils sont d\u00e9j\u00e0 souvent sous forte pression et en sous-effectif. En effet, les fondamentaux de la RCC ne sont pas sains&nbsp;:<\/p>\n\n\n\n<ul class=\"wp-block-list\">\n<li>Elle impl\u00e9mente une logique de licenciements boursiers&nbsp;: pour am\u00e9liorer les marges \u00e0 court terme (d\u00e8s 2024), on supprime 8% de postes pour all\u00e9ger la masse salariale. Mais le p\u00e9rim\u00e8tre d&#8217;activit\u00e9 demeurant \u00e0 peu pr\u00e8s identique, les salari\u00e9s restants devront absorber en sus de leurs propres charges, les charges de travail laiss\u00e9es en d\u00e9sh\u00e9rence par les partants.<\/li>\n\n\n\n<li>Les job roles sont un r\u00e9f\u00e9rentiel de base plus que douteux. Le process de mise en place en a \u00e9t\u00e9 b\u00e2cl\u00e9, et on observe un d\u00e9calage entre les postes r\u00e9ellement exerc\u00e9s par de nombreux salari\u00e9s et les Job roles affect\u00e9s.<\/li>\n<\/ul>\n\n\n\n<blockquote class=\"wp-block-quote is-layout-flow wp-block-quote-is-layout-flow\">\n<p class=\"wp-block-paragraph\">\u00ab La liste des jobs roles est toujours pr\u00e9sente. C\u2019est toujours aussi injuste et c&#8217;est un risque de mettre la pression sur des gens qui ne veulent pas forc\u00e9ment partir. \u00bb<\/p>\n<cite>Un salari\u00e9 (sur Twitter)<\/cite><\/blockquote>\n\n\n\n<ul class=\"wp-block-list\">\n<li>La disparit\u00e9 de traitement introduite entre les salari\u00e9s par cet accord est consid\u00e9rable<\/li>\n\n\n\n<li>De nombreux salari\u00e9s exp\u00e9riment\u00e9s (et occupant souvent des postes-cl\u00e9s) ont d\u00e9missionn\u00e9, ne supportant plus l\u2019incertitude sur l\u2019avenir devant l\u2019allongement de la n\u00e9gociation (d\u00fb pour l\u2019essentiel \u00e0 la direction et sa technique de n\u00e9gociation de \u00ab&nbsp;marchand de tapis&nbsp;\u00bb)<\/li>\n\n\n\n<li>D\u2019autres salari\u00e9s sont totalement d\u00e9sabus\u00e9s, ne pouvant plus cautionner la politique de la Direction G\u00e9n\u00e9rale.<\/li>\n<\/ul>\n\n\n\n<p class=\"wp-block-paragraph\"><\/p>\n\n\n\n<p class=\"wp-block-paragraph\">En cons\u00e9quence, l&#8217;accord tel qu\u2019il va \u00eatre sign\u00e9, sape les fondements m\u00eames du &#8220;travailler ensemble&#8221; chez Worldline, en induisant chez beaucoup de salari\u00e9s un profond sentiment d&#8217;injustice.<br>Cela aurait justifi\u00e9 que les syndicats soient plus exigeants et obtiennent plus de contreparties pour mitiger les risques pour les salari\u00e9s, <span style=\"text-decoration: underline\">avant de signer<\/span>.<\/p>\n\n\n\n<blockquote class=\"wp-block-quote is-layout-flow wp-block-quote-is-layout-flow\">\n<p class=\"wp-block-paragraph\">\u00ab J\u2019ai d\u00e9j\u00e0 pr\u00e9venu mon manager : si je pars bient\u00f4t, \u00e7a ne sera m\u00eame pas pour des questions de salaire, mais parce que je ne peux plus cautionner ce genre de man\u0153uvres de la direction. \u00bb<\/p>\n<cite>Un coll\u00e8gue (non \u00e9ligible)<\/cite><\/blockquote>\n\n\n\n<p class=\"wp-block-paragraph\"><\/p>\n\n\n\n<h2 class=\"wp-block-heading\"><strong>Pour ceux qui restent&nbsp;: \u00ab&nbsp;tough times are upon us&nbsp;\u00bb, pas d\u2019int\u00e9ressement et aucune compensation<\/strong><\/h2>\n\n\n\n<p class=\"wp-block-paragraph\">Pour mitiger les risques et le poids qui vont s\u2019abattre sur les \u00e9paules des salari\u00e9s qui resteront chez Worldline, nous avions exig\u00e9 des budgets et des engagements concrets et SMART. Que ce soit sur des augmentations (NAO), primes (PPV), la pr\u00e9vention des Risques Psycho-Sociaux (RPS) et la Gestion de l\u2019Emploi et des Parcours Professionnels (GEPP). L\u2019accord ne contiendra qu\u2019un engagement \u00e0 faire mener 2 audits sur les RPS et la GEPP, et \u00e0 ouvrir des n\u00e9gociations sur ces sujets, sans le moindre euro budg\u00e9t\u00e9.<\/p>\n\n\n\n<p class=\"wp-block-paragraph\">Alors que 99.9% des sommes engag\u00e9es concr\u00e8tement dans l\u2019accord RCC vont l\u2019\u00eatre pour \u00ab&nbsp;ceux qui partent&nbsp;\u00bb, nous avions recommand\u00e9 \u00e0 certains de nos confr\u00e8res en d\u00e9but de n\u00e9gociation d\u2019attendre qu\u2019un accord d\u2019int\u00e9ressement soit sign\u00e9 avant de parapher cette RCC. Las, ils ont sign\u00e9 le 18 juin. Et 7 jours plus tard pr\u00e9cis\u00e9ment, nous apprenions\u2026 qu\u2019il n\u2019y aura pas d\u2019int\u00e9ressement touch\u00e9 en 2025. Seulement une PPV de 1500\u20ac, loin des 3000 \u00e0 3500\u20ac propos\u00e9s par la direction (y compris par \u00e9crit) en d\u00e9but de n\u00e9gociation int\u00e9ressement.<\/p>\n\n\n\n<blockquote class=\"wp-block-quote is-layout-flow wp-block-quote-is-layout-flow\">\n<p class=\"wp-block-paragraph\">Autant d\u2019argent dans du d\u00e9sinvestissement humain\u2026<\/p>\n<cite>Un coll\u00e8gue (sur Twitter)<\/cite><\/blockquote>\n\n\n\n<h2 class=\"wp-block-heading\"><strong>Conclusion&nbsp;: un accord de RCC m\u00e9diocre<\/strong><\/h2>\n\n\n\n<p class=\"wp-block-paragraph\">Si cette RCC sera pour 266 salari\u00e9s une aubaine ou une issue de secours bienvenue, pour les 3500 qui resteront, elle ne sera que cause de difficult\u00e9s suppl\u00e9mentaires au quotidien. On aboutit finalement \u00e0 un accord mal \u00e9quilibr\u00e9, impl\u00e9mentant la logique de la direction plus que celle des syndicats, et inf\u00e9rieur \u00e0 ce qu\u2019obtiennent les \u00e9quipes syndicales dans d\u2019autres entreprises \u00e9quivalentes. Power24 avait un budget de 250 millions, la direction va en \u00e9conomiser une belle partie gr\u00e2ce \u00e0 la France.<\/p>\n\n\n\n<p class=\"wp-block-paragraph\">Du point de vue de notre groupe CFTC, il \u00e9tait moralement impossible de valider une proposition de la direction qui ne pr\u00e9voyait rien pour remotiver \u00ab&nbsp;ceux qui restent&nbsp;\u00bb, et d\u00e9favorisait de nombreux partants potentiels : salari\u00e9s d\u2019anciennet\u00e9s moyennes et faibles, ETAM (Employ\u00e9s, Techniciens, et Agents de Maitrise).<\/p>\n\n\n\n<p class=\"wp-block-paragraph\">Apr\u00e8s plus de 10 ans de politique court-termiste, les syndicats avaient une occasion unique de contrebalancer un peu le manque de vision de la Direction&nbsp;: pour une fois, il avaient du pouvoir et la direction avait besoin de leur signature pour mettre en place cette RCC. D\u2019autant plus que la direction n\u2019avait pas de plan B (comme le DRH l\u2019avait reconnu devant tous les salari\u00e9s en r\u00e9union d\u2019information, fin f\u00e9vrier, et sa communication vers les salari\u00e9s l&#8217;a sous-entendu clairement). H\u00e9las, m\u00eame l\u2019accord d\u2019Int\u00e9ressement initialement prometteur n\u2019aura pas \u00e9t\u00e9 au bout. De notre point de vue, c\u2019est une occasion g\u00e2ch\u00e9e.<\/p>\n\n\n\n<p class=\"wp-block-paragraph\"><\/p>\n\n\n\n<h2 class=\"wp-block-heading\">Pour aller plus loin &#8230;<\/h2>\n\n\n\n<p class=\"wp-block-paragraph\">2 autres articles :<\/p>\n\n\n\n<ul class=\"wp-block-list\">\n<li>Critiquer c\u2019est facile mais, que proposait la CFTC ? <a href=\"https:\/\/cftc-atosworldline.fr\/wp\/blog\/2024\/07\/03\/rcc-laccord-final-vs-ce-que-proposait-la-cftc-avec-encore-de-graphiques\/\" data-type=\"post\" data-id=\"8584\">RCC \u2013 comparatif : l\u2019accord final vs les propositions CFTC (+ de graphiques !)<\/a><\/li>\n<\/ul>\n\n\n\n<ul class=\"wp-block-list\">\n<li>La m\u00e9thode de n\u00e9gociation a-t-elle \u00e9t\u00e9 la bonne ? <a href=\"https:\/\/cftc-atosworldline.fr\/wp\/blog\/2024\/07\/12\/rcc-comment-lintersyndicale-a-echoue-lecons-apprises\/\" data-type=\"post\" data-id=\"8632\">RCC &#8211; Comment l&#8217;intersyndicale a \u00e9chou\u00e9 : le\u00e7ons apprises<\/a><\/li>\n<\/ul>\n\n\n\n<p class=\"wp-block-paragraph\"><\/p>\n\n\n\n<p class=\"wp-block-paragraph\">Comme toujours, n&#8217;h\u00e9sitez pas \u00e0 nous faire vos retours en commentaire ci-dessous, \u00e7a nous aide \u00e0 mieux vous d\u00e9fendre !<\/p>\n\n\n\n<p class=\"wp-block-paragraph\">Bien \u00e0 vous,<br>L&#8217;\u00e9quipe de n\u00e9gociation CFTC<\/p>\n","protected":false},"excerpt":{"rendered":"<p>Bonjour \u00e0 tous, Certaines communications se r\u00e9jouissent de l\u2019accord promulgu\u00e9 le 18 juin suite \u00e0 la signature de 2 syndicats majoritaires. La CFTC a d\u00e9cid\u00e9, sans vraiment d\u2019h\u00e9sitation, de ne pas signer la proposition de la direction. Voici, en graphes et en chiffres, les raisons pour lesquelles nous pensons que l\u2019accord n\u2019est pas assez bon. [&hellip;]<\/p>\n","protected":false},"author":1,"featured_media":8574,"comment_status":"open","ping_status":"closed","sticky":false,"template":"","format":"standard","meta":{"_crdt_document":"","rop_custom_images_group":[],"rop_custom_messages_group":[],"rop_publish_now":"initial","rop_publish_now_accounts":[],"rop_publish_now_history":[],"rop_publish_now_status":"pending","footnotes":""},"categories":[3,435],"tags":[58,436,213,212],"class_list":["post-8573","post","type-post","status-publish","format-standard","has-post-thumbnail","hentry","category-negociations","category-rcc","tag-important","tag-rcc","tag-slider","tag-ticker"],"_links":{"self":[{"href":"https:\/\/cftc-atosworldline.fr\/wp\/wp-json\/wp\/v2\/posts\/8573","targetHints":{"allow":["GET"]}}],"collection":[{"href":"https:\/\/cftc-atosworldline.fr\/wp\/wp-json\/wp\/v2\/posts"}],"about":[{"href":"https:\/\/cftc-atosworldline.fr\/wp\/wp-json\/wp\/v2\/types\/post"}],"author":[{"embeddable":true,"href":"https:\/\/cftc-atosworldline.fr\/wp\/wp-json\/wp\/v2\/users\/1"}],"replies":[{"embeddable":true,"href":"https:\/\/cftc-atosworldline.fr\/wp\/wp-json\/wp\/v2\/comments?post=8573"}],"version-history":[{"count":13,"href":"https:\/\/cftc-atosworldline.fr\/wp\/wp-json\/wp\/v2\/posts\/8573\/revisions"}],"predecessor-version":[{"id":8704,"href":"https:\/\/cftc-atosworldline.fr\/wp\/wp-json\/wp\/v2\/posts\/8573\/revisions\/8704"}],"wp:featuredmedia":[{"embeddable":true,"href":"https:\/\/cftc-atosworldline.fr\/wp\/wp-json\/wp\/v2\/media\/8574"}],"wp:attachment":[{"href":"https:\/\/cftc-atosworldline.fr\/wp\/wp-json\/wp\/v2\/media?parent=8573"}],"wp:term":[{"taxonomy":"category","embeddable":true,"href":"https:\/\/cftc-atosworldline.fr\/wp\/wp-json\/wp\/v2\/categories?post=8573"},{"taxonomy":"post_tag","embeddable":true,"href":"https:\/\/cftc-atosworldline.fr\/wp\/wp-json\/wp\/v2\/tags?post=8573"}],"curies":[{"name":"wp","href":"https:\/\/api.w.org\/{rel}","templated":true}]}}