{"id":6720,"date":"2023-07-03T13:28:31","date_gmt":"2023-07-03T13:28:31","guid":{"rendered":"https:\/\/cftc-atosworldline.fr\/wp\/?p=6720"},"modified":"2023-11-14T15:40:47","modified_gmt":"2023-11-14T15:40:47","slug":"worldline-geant-agile-ou-dargile-partie-1","status":"publish","type":"post","link":"https:\/\/cftc-atosworldline.fr\/wp\/blog\/2023\/07\/03\/worldline-geant-agile-ou-dargile-partie-1\/","title":{"rendered":"Worldline, G\u00e9ant Agile ou d&#8217;Argile ?  Partie 1."},"content":{"rendered":"\n<p class=\"wp-block-paragraph\"><\/p>\n\n\n\n<p class=\"wp-block-paragraph\"><em>Vous lisez le premier article de notre s\u00e9rie \u00ab<small>&nbsp;<\/small>Worldline, G\u00e9ant Agile ou d\u2019Argile<small>&nbsp;<\/small>\u00bb. Retrouvez&nbsp;<a rel=\"noreferrer noopener\" href=\"https:\/\/bit.ly\/47NrYpK\" target=\"_blank\">tous les articles ici<\/a>.<\/em><\/p>\n\n\n\n<p class=\"wp-block-paragraph\"><\/p>\n\n\n\n<p class=\"wp-block-paragraph\"><\/p>\n\n\n\n<p class=\"wp-block-paragraph\"><strong>Introduction<\/strong>&nbsp;<\/p>\n\n\n\n<p class=\"wp-block-paragraph\">Voici le premier volet d\u2019une <a href=\"https:\/\/bit.ly\/47NrYpK\" target=\"_blank\" rel=\"noreferrer noopener\">s\u00e9rie d\u2019articles<\/a> constituant une r\u00e9flexion autour de l\u2019\u00e9mergence de l\u2019Intelligence Artificielle (IA) et l\u2019importance dans ce contexte de la pr\u00e9servation de notre \u201cCapital Social\u201d.&nbsp;&nbsp;<\/p>\n\n\n\n<p class=\"wp-block-paragraph\">Apr\u00e8s avoir fait un rappel du contexte global actuel, nous aborderons l\u2019IA et son impact sur nos emplois. Nous parlerons ensuite de l\u2019\u00e9volution des attentes et des aspirations de la population active. Enfin, nous commencerons \u00e0 \u00e9voquer la situation de notre entreprise en mettant en relief ce que nous pensons \u00eatre des lacunes face aux changements de rupture, rapides et brutaux engendr\u00e9s entre autres par l&#8217;\u00e9mergence rapide des technologies d\u2019IA auxquelles nous allons devoir faire face.\u00a0<\/p>\n\n\n\n<p class=\"wp-block-paragraph\">Les parties suivantes approfondiront certains des th\u00e8mes importants soulev\u00e9s par les changements en cours. L\u2019objectif de cette s\u00e9rie est de proposer un d\u00e9bat entre salari\u00e9s et faute de certitudes, de tenter de gagner ensemble en clart\u00e9. Afin d\u2019enrichir le d\u00e9bat, tous les commentaires seront les bienvenus. Nous ne pr\u00e9tendons pas d\u00e9tenir la v\u00e9rit\u00e9 mais nous sommes convaincus que le croisement de l\u2019ensemble des perspectives nous en rapprocherait.&nbsp;<\/p>\n\n\n\n<p class=\"wp-block-paragraph\"><\/p>\n\n\n\n<p class=\"wp-block-paragraph\"><\/p>\n\n\n\n<p class=\"wp-block-paragraph\"><\/p>\n\n\n\n<p class=\"wp-block-paragraph\">&nbsp;<\/p>\n\n\n\n<p class=\"wp-block-paragraph\"><\/p>\n\n\n\n<p class=\"wp-block-paragraph\"><strong>Un monde en crise continue<\/strong>\u202f&nbsp;<\/p>\n\n\n\n<p class=\"wp-block-paragraph\">Voil\u00e0 quelques ann\u00e9es, que nous sommes dans un <a href=\"https:\/\/www.accenture.com\/content\/dam\/accenture\/final\/capabilities\/song\/marketing-transformation\/document\/Accenture-Life-Trends-2023-Full-Report.pdf#zoom=40\" target=\"_blank\" rel=\"noreferrer noopener\">\u00e9tat de crise permanente<\/a>&nbsp; (le mot Permacrise a \u00e9t\u00e9 invent\u00e9 pour d\u00e9crire cette p\u00e9riode \u00e9tendue d\u2019instabilit\u00e9 et d\u2019ins\u00e9curit\u00e9). M\u00eame si ce climat anxiog\u00e8ne connait des pr\u00e9c\u00e9dents, (les ann\u00e9es de guerre froide entre autres), on ne peut qu&#8217;\u00eatre frapp\u00e9 par la fr\u00e9quence, l\u2019intensit\u00e9 et la nature des crises actuelles.\u202f&nbsp;<\/p>\n\n\n\n<p class=\"wp-block-paragraph\">Ces crises contemporaines se succ\u00e8dent et s\u2019entrem\u00ealent, n\u2019accordant de r\u00e9pit, ni aux \u00e9tats, ni aux entreprises, et encore moins aux individus. Pand\u00e9mie de covid, guerre en Ukraine, tensions militaires croissantes \u00e0 diff\u00e9rents points du globe, \u00e9v\u00e9nements climatiques extr\u00eames (s\u00e8cheresses, inondations, multiplication des incendies de for\u00eat et autres), tout semble se pr\u00e9cipiter. Sans oublier les climats \u00e9conomiques et politiques tumultueux, th\u00e9\u00e2tres de tensions, de divisions et de violences de plus en plus prononc\u00e9es.\u202f&nbsp;<\/p>\n\n\n\n<p class=\"wp-block-paragraph\">Alors que le d\u00e9litement de l\u2019ordre mondial tel que nous l\u2019avions connu depuis la chute du mur de Berlin<sup>(<\/sup><sup>1)<\/sup>, entraine dans son sillage un flot de r\u00e9percussions que nul n\u2019est aujourd\u2019hui capable de pr\u00e9voir, une inflation en passe de battre des records, fait d\u00e9j\u00e0 sentir ses effets d\u00e9l\u00e9t\u00e8res, aussi bien sur notre pouvoir d\u2019achat que sur la sant\u00e9 des entreprises\u202fet la s\u00e9curit\u00e9 de l\u2019emploi.\u202f&nbsp;<br>\u202f&nbsp;<\/p>\n\n\n\n<p class=\"wp-block-paragraph\"><strong>La boite de Pandore de l\u2019intelligence artificielle d\u00e9sormais grande ouverte.\u202f<\/strong>\u202f&nbsp;<\/p>\n\n\n\n<p class=\"wp-block-paragraph\">Et \u00e0 tout ceci s\u2019ajoute, une nouvelle r\u00e9volution technologique que beaucoup ne voyaient vraiment\u202f\u00e9merger que dans quelques ann\u00e9es, voire d\u00e9cennies et qui surgit hors du monde des laboratoires de recherche pour entamer sa phase d&#8217;acc\u00e9l\u00e9ration exponentielle <sup>(2)<\/sup>, au grand jour et dans le monde r\u00e9el. Selon certains <a rel=\"noreferrer noopener\" href=\"https:\/\/www.key4biz.it\/wp-content\/uploads\/2023\/03\/Global-Economics-Analyst_-The-Potentially-Large-Effects-of-Artificial-Intelligence-on-Economic-Growth-Briggs_Kodnani.pdf\" target=\"_blank\">analystes<\/a>, l\u2019IA a le potentiel entre autres, de bouleverser le march\u00e9 de l\u2019emploi. <strong>U<\/strong><a rel=\"noreferrer noopener\" href=\"https:\/\/www.key4biz.it\/wp-content\/uploads\/2023\/03\/Global-Economics-Analyst_-The-Potentially-Large-Effects-of-Artificial-Intelligence-on-Economic-Growth-Briggs_Kodnani.pdf\" target=\"_blank\"><strong>n quart<\/strong> des emplois actuels serait condamn\u00e9<\/a>, \u00e0 assez court terme, et nul retour arri\u00e8re ne sera envisageable quelles que soient les cons\u00e9quences, n\u00e9gatives ou positives, que ce changement brutal entrainera.\u202f\u202f&nbsp;<\/p>\n\n\n\n<p class=\"wp-block-paragraph\">&nbsp;<br>Le g\u00e9nie est sorti de la lampe et s\u2019appr\u00eate \u00e0 accorder ses trois v\u0153ux proverbiaux aux entreprises dont les programmes de productivit\u00e9 s&#8217;\u00e9puisaient depuis longtemps \u00e0 butter contre des plafonds de verre. \u202f&nbsp;<br>De nouveaux gisements, probablement gigantesques, de diminution de co\u00fbts, de diminution des d\u00e9lais et d\u2019augmentation de la qualit\u00e9 s\u2019offrent donc aux entreprises qui n\u2019auront d\u2019autre choix pour rester comp\u00e9titives, que de frotter cette lampe bien plus fr\u00e9n\u00e9tiquement que leurs comp\u00e9titeurs quels que soient les d\u00e9g\u00e2ts humains et soci\u00e9taux.\u202f\u202f&nbsp;<\/p>\n\n\n\n<p class=\"wp-block-paragraph\">Et alors que ces intelligences artificielles g\u00e9n\u00e9ratives<sup>(<\/sup><sup>3)<\/sup> n&#8217;ont vraiment fait irruption sur le march\u00e9 que depuis quelques mois, une nouvelle g\u00e9n\u00e9ration d\u2019outils open-source appel\u00e9s Agent Autonomes<sup>(<\/sup><sup>4)<\/sup> apparait, r\u00e9unissant des dizaines, voire des centaines de contributeurs, pour d\u00e9cupler de fa\u00e7on \u00e9tonnante la puissance de feu d\u00e9j\u00e0 impressionnante des AI g\u00e9n\u00e9ratives. Attendez-vous \u00e0 les avoir comme coll\u00e8gues.\u202f&nbsp;<br>\u202f&nbsp;<br>La communaut\u00e9 open source ne semble pas vouloir demeurer en reste ; les grands acteurs (Google, OpenAI\/Microsoft, etc..) seraient d\u00e9j\u00e0 en passe de voir chahut\u00e9e, la dominance qu&#8217;ils escomptaient sur ce march\u00e9. Il semble probable que la d\u00e9mocratisation et l\u2019ubiquit\u00e9 de ces technologies deviennent in\u00e9luctables (\u00e0 n&#8217;en pas douter, les <a href=\"https:\/\/serverguy.com\/comparison\/cpu-vs-gpu-vs-tpu\/\" target=\"_blank\" rel=\"noreferrer noopener\">GPU\/TPU<\/a> (Graphical Processing Unit \/ Tensor Processing Unit ) aujourd&#8217;hui on\u00e9reuses, vont suivre la m\u00eame \u00e9volution que les ordinateurs mais \u00e0 une vitesse comparativement fulgurante \u2013 si vous vous demandiez ce que donnerait la loi de Moore sous anabolisants, vous allez \u00eatre servis. Ainsi les vis\u00e9es h\u00e9g\u00e9moniques des grands mod\u00e8les centralis\u00e9s ne sont pas garanties.\u202f&nbsp;<br>\u202f\u202f&nbsp;<\/p>\n\n\n\n<p class=\"wp-block-paragraph\">On entrevoit ais\u00e9ment ce que ces innovations de rupture vont permettre en mati\u00e8re de gestion de projet, d\u2019\u00e9tudes de march\u00e9, de veille technologique, de cr\u00e9ation de contenus de formation, d&#8217;exp\u00e9rience client, de support client, d\u2019assistance virtuelle, de workflows intelligents, de campagne marketing et publicitaires, de conseil juridique, de gestion des risques, de gestion des op\u00e9rations et de management, voire m\u00eame, de g\u00e9n\u00e9ration et de revue de code informatique ainsi que de l&#8217;in\u00e9vitable documentation. \u202f&nbsp;<br><a href=\"https:\/\/media.licdn.com\/dms\/document\/D4E1FAQHQPAi_HuI60w\/feedshare-document-pdf-analyzed\/0\/1683829440295?e=1684972800&amp;v=beta&amp;t=HdgduYs43mSs0fHA1Xxx2jDRTWrzlkSTG445iyA5rLM\" target=\"_blank\" rel=\"noreferrer noopener\">Les possibilit\u00e9s sont quasiment infinies<\/a> ; nous pouvons d&#8217;ores et d\u00e9j\u00e0 pr\u00e9sager que tout ce qui rel\u00e8ve du domaine de l&#8217;activit\u00e9 cognitive ayant \u00e9chapp\u00e9 \u00e0 ce jour \u00e0 l&#8217;automatisation algorithmique, sera augment\u00e9, remplac\u00e9 ou r\u00e9invent\u00e9, voire m\u00eame transcend\u00e9. Et cela va arriver tr\u00e8s vite, \u00e0 un rythme exc\u00e9dant la capacit\u00e9 de la plupart des entreprises \u00e0 s&#8217;adapter en profondeur \u00e0 cette r\u00e9volution.\u202f&nbsp;<\/p>\n\n\n\n<p class=\"wp-block-paragraph\">\u202f&nbsp;<br><strong>Des changements sociologiques majeurs<\/strong>\u202f&nbsp;<\/p>\n\n\n\n<p class=\"wp-block-paragraph\">Pendant ce temps, certains observateurs mettent en exergue des tendances en cours dans les soci\u00e9t\u00e9s occidentales et <a href=\"https:\/\/www.brookings.edu\/techstream\/the-lying-flat-movement-standing-in-the-way-of-chinas-innovation-drive\/\" target=\"_blank\" rel=\"noreferrer noopener\">m\u00eame en Chine<\/a>. Ainsi, alors que la confiance dans les institutions aussi bien gouvernementales que priv\u00e9es, s\u2019\u00e9rode \u00e0 grande vitesse, les gens aspirent \u00e0 revenir \u00e0 l\u2019essentiel, \u00e0 retrouver un sens \u00e0 leur existence et \u00e0 leur vie professionnelle.\u202f&nbsp;<br>\u202f&nbsp;<br>Les effets de cette mutation, coupl\u00e9s aux difficult\u00e9s \u00e9conomiques \u00e9mergentes, se font sentir sur les comportements de consommation, sur la gestion de la carri\u00e8re, ou bien encore sur les attentes en mati\u00e8re de services et de qualit\u00e9 de vie.\u202f&nbsp;<br>Gagn\u00e9s par de forts sentiments d\u2019ali\u00e9nation, d\u2019ins\u00e9curit\u00e9, et de totale perte de sens<sup>(<\/sup><sup>5)<\/sup>, le retour \u00e0 une vie plus authentique et emprunte de valeurs humaines, devient pour beaucoup une aspiration primordiale. Simplicit\u00e9, libert\u00e9, sens, justice sociale et authenticit\u00e9 dans les rapports \u00e0 autrui deviennent des aspirations existentielles. \u202f&nbsp;<br>&nbsp;<br>En t\u00e9moignent des ph\u00e9nom\u00e8nes comportementaux jug\u00e9s pervasifs, qui trouvent dans ces aspirations une partie de leur explication.\u202f&nbsp;<\/p>\n\n\n\n<p class=\"wp-block-paragraph\">Ainsi par exemple, on a beaucoup parl\u00e9 de la <strong>&#8220;Grande Annulation&#8221;<\/strong> (les consommateurs rognant sur tout ce qui n\u2019est pas essentiel \u2013 abonnement Netflix, salle de gym, assurance-vie, explosion de la <a href=\"https:\/\/www.visiontimes.fr\/tendance\/societe\/revanche-dumbphone-simple-telephone-portable-sans-acces-internet\" target=\"_blank\" rel=\"noreferrer noopener\">demande de dumb-phones<\/a>). \u202f&nbsp;<br>Ou bien encore, dans le monde du travail, les ph\u00e9nom\u00e8nes de <strong>&#8220;Grande D\u00e9mission&#8221;<\/strong><strong><sup>(<\/sup><sup>6)<\/sup><\/strong>, et de <strong>&#8220;Quiet Quitting&#8221;<\/strong><strong><sup>(<\/sup><sup>7)<\/sup><\/strong>.\u202f\u202f&nbsp;<\/p>\n\n\n\n<p class=\"wp-block-paragraph\">\u202f&nbsp;<br><strong>Et notre entreprise dans tout \u00e7a ?<\/strong>\u202f&nbsp;<\/p>\n\n\n\n<p class=\"wp-block-paragraph\">Nous ne sommes pas \u00e9pargn\u00e9s par les effets \u00e9conomiques et sociologiques de cet \u00e9tat de crise permanent. Et il n&#8217;y a pas mati\u00e8re \u00e0 penser que cela va s&#8217;estomper de sit\u00f4t, alors que les technologies de rupture \u00e9voqu\u00e9es atteignent la phase exponentielle de leur d\u00e9veloppement, promettant de d\u00e9livrer un d\u00e9ferlement de &#8220;destructions cr\u00e9atrices&#8221;<sup>(<\/sup><sup>8)<\/sup>, qui vont \u00e0 n\u2019en pas douter, nous offrir autant de nouvelles opportunit\u00e9s que de risques de disruptions<sup>(<\/sup><sup>9)<\/sup> majeures.\u202f\u202f&nbsp;<br>&nbsp;<\/p>\n\n\n\n<p class=\"wp-block-paragraph\">Sans aller jusqu&#8217;\u00e0 \u00e9voquer un sc\u00e9nario \u00e0 la <a href=\"https:\/\/www.britannica.com\/topic\/Pony-Express\/Final-days\" target=\"_blank\" rel=\"noreferrer noopener\">Pony Express<\/a> au moment de l&#8217;arriv\u00e9e du t\u00e9l\u00e9graphe continental, il devient urgent de reconnaitre ce que la nouvelle situation appelle en termes d&#8217;efforts de r\u00e9invention de notre entreprise.\u202f\u202f&nbsp;<\/p>\n\n\n\n<p class=\"wp-block-paragraph\">&nbsp;<br>Nous avons pu constater les difficult\u00e9s que notre soci\u00e9t\u00e9 , comme du reste la plupart, a \u00e9prouv\u00e9 depuis une dizaine d&#8217;ann\u00e9es dans la poursuite de ses objectifs de transformation vers plus d&#8217;agilit\u00e9, plus d&#8217;inventivit\u00e9 et plus de rentabilit\u00e9 ; sans m\u00eame parler de sa transformation num\u00e9rique\u2026. \u202f&nbsp;<br>Comme la plupart des grands groupes, nous avons tard\u00e9 \u00e0 prendre les tournants d\u00e9cisifs notamment celui du Cloud, et subissons encore aujourd&#8217;hui les affres d&#8217;une bureaucratie cloisonnante et technocratique propre aux syst\u00e8mes manag\u00e9riaux traditionnels. D&#8217;aucuns oseront m\u00eame parler de <a rel=\"noreferrer noopener\" href=\"https:\/\/www.emlv.fr\/quest-ce-que-le-managerialisme-la-definition-de-jean-etienne-joullie-pour-fnege-medias\/\" target=\"_blank\">manag\u00e9rialisme<\/a>.\u202f\u202f&nbsp;<br>&nbsp;<\/p>\n\n\n\n<p class=\"wp-block-paragraph\">Comme la plupart des grands groupes, nous subissons l&#8217;oscillation excessive du balancier d&#8217;une pens\u00e9e gestionnaire qui devient probablement \u00e0 son corps d\u00e9fendant, de plus en plus h\u00e9mipl\u00e9gique, au point de faire la part de plus en plus belle \u00e0 la minimisation des risques et des co\u00fbts via un exc\u00e8s de contr\u00f4le, au d\u00e9triment de l&#8217;esprit entrepreneurial. &nbsp;<br>Les raisons pour lesquelles par exemple, la majeure partie des grands groupes ne sont pas all\u00e9s vers le Cloud sont d&#8217;une part, la m\u00e9fiance due \u00e0 un \u00e9tat d&#8217;esprit excessivement pr\u00e9cautionneux, et d&#8217;autre part, une tr\u00e8s grande inertie propre aux syst\u00e8mes bureaucratiques. En ce faisant, ils ont laiss\u00e9 champ libre \u00e0 de nombreux nouveaux entrants qui ont chang\u00e9 les r\u00e8gles de la concurrence et les business models.&nbsp;<br>\u202f\u202f\u202f&nbsp;<\/p>\n\n\n\n<p class=\"wp-block-paragraph\">Enorm\u00e9ment de salari\u00e9s ont pu constater cette ambivalence de notre organisation face au changement. Le r\u00eave de l&#8217;intrapreneur se fracasse syst\u00e9matiquement sur les r\u00e9cifs de la pens\u00e9e gestionnaire, indispensable garante de la stabilit\u00e9 et de la coh\u00e9sion des op\u00e9rations. &nbsp;<br>&nbsp;<\/p>\n\n\n\n<p class=\"wp-block-paragraph\">Mais si cela peut nous consoler, cette maladie est beaucoup plus r\u00e9pandue qu\u2019il n\u2019y parait. Ainsi prenons par exemple le cas de la soci\u00e9t\u00e9 CheckPoint leader absolu de la cybers\u00e9curit\u00e9 dans les ann\u00e9es 1990\/2000 qui, prend la d\u00e9cision absurde d\u2019arr\u00eater le projet de son ing\u00e9nieur en chef (d\u00e9pourvu, il est croustillant de le rappeler, du moindre dipl\u00f4me). Ce dernier n\u2019a d\u2019autres choix afin d\u2019\u00e9chapper \u00e0 l\u2019insupportable <a rel=\"noreferrer noopener\" href=\"https:\/\/www.computerworld.com\/article\/2756415\/how-i-got-here--nir-zuk--cto--palo-alto-networks.html?page=2\" target=\"_blank\">bureaucratie et aux sempiternelles intrigues politiques faisant rage dans son entreprise que de fonder<\/a> <a rel=\"noreferrer noopener\" href=\"http:\/\/sa\/\" target=\"_blank\">sa propre soci\u00e9t\u00e9<\/a>. R\u00e9sultat ? &nbsp;<br>Checkpoint dont la valorisation boursi\u00e8re est tomb\u00e9e \u00e0 14,7 milliards en 2021 sort de l\u2019index Nasdaq 100 qui comme son nom l\u2019indique, regroupe les 100 plus importantes soci\u00e9t\u00e9s non-financi\u00e8res cot\u00e9es au Nasdaq. Et la nouvelle soci\u00e9t\u00e9 de l\u2019ing\u00e9nieur (en fait sa deuxi\u00e8me apr\u00e8s avoir quitt\u00e9 Checkpoint) ? Elle s\u2019appelle Palo Alto Network et est cot\u00e9e \u00e0 <a rel=\"noreferrer noopener\" href=\"http:\/\/52%2C5%20milliards%20au\/\" target=\"_blank\">52,5 milliards au Nasdaq au m\u00eame moment<\/a> !&nbsp; &nbsp;<br>&nbsp;<\/p>\n\n\n\n<p class=\"wp-block-paragraph\">Cet article ne pr\u00e9tend pas apporter de r\u00e9ponses aux probl\u00e8mes syst\u00e9miques auxquels notre entreprise, comme beaucoup d\u2019autres, doit faire face. Il se contentera de mettre le doigt sur une anomalie criante, visible de tous, \u00e0 propos de laquelle le CSE alerte en vain depuis des ann\u00e9es et qui pourrait fort bien constituer notre talon d&#8217;Achille.&nbsp;<br>Mais comme selon la philosophie sto\u00efcienne revisit\u00e9e par un \u00e9crivain moderne, <a rel=\"noreferrer noopener\" href=\"https:\/\/des-livres-pour-changer-de-vie.com\/lobstacle-est-le-chemin\/\" target=\"_blank\">l\u2019obstacle est le chemin<\/a>, nous sommes convaincus que cette anomalie nous montre aussi la voie \u00e0 suivre. \u202f&nbsp;<br>\u202f&nbsp;<br><strong>Capital Humain\u2026<\/strong>\u202f&nbsp;<\/p>\n\n\n\n<p class=\"wp-block-paragraph\">La pens\u00e9e manag\u00e9riale est n\u00e9e d&#8217;une conception de l&#8217;entreprise prenant sa source dans la pens\u00e9e m\u00e9caniciste<sup>(<\/sup><sup>10<\/sup><sup>)\u202f<\/sup> qui a fait des merveilles dans les sciences dites dures.\u202f Cette pens\u00e9e tend \u00e0 imaginer l&#8217;entreprise comme l&#8217;ensemble des rouages d&#8217;une machine tr\u00e8s compliqu\u00e9e, dont le pilotage est confi\u00e9 \u00e0 d&#8217;infatigables et vigilants experts. La machine assembl\u00e9e n&#8217;\u00e9tant rien d&#8217;autre que la somme de ses parties.\u202f\u202f&nbsp;<\/p>\n\n\n\n<p class=\"wp-block-paragraph\">Il en d\u00e9coule une approche, appel\u00e9e approche r\u00e9ductionniste, qui postule que la connaissance et le contr\u00f4le des \u00e9l\u00e9ments constituants permet la connaissance et le contr\u00f4le de l&#8217;ensemble qu&#8217;ils constituent.&nbsp;<br>\u202f&nbsp;<br>De ce paradigme (ensemble de pr\u00e9suppositions commun\u00e9ment admises) longtemps fructueux, est n\u00e9 le concept de gestion scientifique du travail dont se r\u00e9clament le Taylorisme, le Fayolisme et le Weberisme. Certains chercheurs s&#8217;aventurent \u00e0 utiliser <a href=\"https:\/\/www.semsimo.com\/virus-tfw-soppose-a-transformation-numerique-a-valeur-ajoutee\/\" target=\"_blank\" rel=\"noreferrer noopener\">la m\u00e9taphore du virus<\/a> concernant cet h\u00e9ritage, dans la mesure o\u00f9 les entreprises op\u00e9rant sous l&#8217;emprise excessive de ce paradigme, ont tendance \u00e0 manifester les m\u00eames sympt\u00f4mes (division du travail exag\u00e9r\u00e9e, s\u00e9paration des fonctions de conception, de d\u00e9cision et de r\u00e9alisation des activit\u00e9s et d\u00e9personnalisation des postes de travail, des organigrammes, des processus, des m\u00e9thodes et des r\u00e8gles). Ce paradigme ayant longtemps fait recette dans un univers business beaucoup moins tumultueux qu&#8217;aujourd&#8217;hui, beaucoup des fa\u00e7ons de penser qui s&#8217;y enracinent font encore flor\u00e8s.\u202f&nbsp;<br>&nbsp;<\/p>\n\n\n\n<p class=\"wp-block-paragraph\">Il est plus que temps de r\u00e9viser cette conception. Les autres noms d&#8217;une entreprise sont &#8220;compagnie&#8221; et &#8220;soci\u00e9t\u00e9&#8221;, termes dont la teneur juridique ne saurait masquer la nature. \u202f&nbsp;<br>\u202f&nbsp;<br>Premi\u00e8re observation, de simple bon sens : une entreprise (terme dont nous vous invitons \u00e0 v\u00e9rifier <a href=\"https:\/\/fr.wiktionary.org\/wiki\/entreprise\" target=\"_blank\" rel=\"noreferrer noopener\">l\u2019\u00e9tymologie<\/a>), c\u2019est avant tout une association d\u2019humains\u202f! Et si des humains s\u2019associent pour mener \u00e0 bien une entreprise, c\u2019est qu\u2019ensemble ils sont plus efficaces.\u202f&nbsp;<br>&nbsp;<\/p>\n\n\n\n<p class=\"wp-block-paragraph\">Deuxi\u00e8me observation\u202f: les humains contrairement aux machines, prennent g\u00e9n\u00e9ralement plaisir \u00e0 participer \u00e0 des activit\u00e9s de groupe ou d\u2019\u00e9quipe, quand ils se sentent utiles au groupe social auquel ils appartiennent et que leur travail fait sens.\u202f&nbsp;<br>&nbsp;<\/p>\n\n\n\n<p class=\"wp-block-paragraph\">Troisi\u00e8me observation\u202f: la v\u00e9ritable motivation d\u2019un individu vient de ce plaisir \u00e9prouv\u00e9 \u00e0 faire des choses ensemble, du plaisir \u00e0 se sentir pleinement appartenir \u00e0 un groupe et aussi \u00e0 titre individuel, de la <a href=\"https:\/\/www.frontiersin.org\/articles\/10.3389\/fnhum.2017.00145\/full\" target=\"_blank\" rel=\"noreferrer noopener\">motivation intrins\u00e8que<\/a> \u00e0 se d\u00e9passer, \u00e0 trouver des solutions, \u00e0 construire des choses et \u00e0 pouvoir contempler le r\u00e9sultat tangible de son travail.\u202f C\u2019est le v\u00e9ritable sens de la reconnaissance objective, telle que d\u00e9crite par le <a href=\"https:\/\/www.philomag.com\/articles\/pourquoi-cherchons-nous-autant-la-reconnaissance#:~:text=D%27apr%C3%A8s%20Hegel%2C%20la%20reconnaissance,pour%20ce%20qu%27il%20est.\" target=\"_blank\" rel=\"noreferrer noopener\">philosophe Hegel<\/a>.\u202f\u202f&nbsp;<br>&nbsp;<\/p>\n\n\n\n<p class=\"wp-block-paragraph\">Ainsi, nous pouvons nous risquer \u00e0 un constat. Loin de nous l\u2019intention de jeter le b\u00e9b\u00e9 de la gestion des \u00ab\u202ftalents\u202f<sup> (<\/sup><sup>11)<\/sup> \u00bb<sup> <\/sup>avec l\u2019eau du bain de ses exc\u00e8s. N\u00e9anmoins, nous estimons que la fa\u00e7on dont l\u2019entreprise a personnalis\u00e9 la relation aux salari\u00e9s a entrain\u00e9 une focalisation excessive sur la gestion de son \u00ab\u202fCapital Humain\u202f\u00bb au d\u00e9triment d\u2019un capital d\u2019un ordre sup\u00e9rieur, son Capital Social<sup>(<\/sup><sup>12)<\/sup>. \u202f&nbsp;<\/p>\n\n\n\n<p class=\"wp-block-paragraph\">&nbsp;<br>\u202f&nbsp;<\/p>\n\n\n\n<p class=\"wp-block-paragraph\"><strong>\u2026 vs Capital Social<\/strong>\u202f&nbsp;<\/p>\n\n\n\n<p class=\"wp-block-paragraph\">Ainsi, la for\u00eat s\u2019efface trop souvent devant les arbres et l\u2019\u00e9cosyst\u00e8me devient invisible aux regards trop analytiques. Sans vouloir minorer la n\u00e9cessit\u00e9 de beaucoup des pratiques d\u00e9velopp\u00e9es autour de la gestion du \u00ab\u202fcapital humain\u202f\u00bb, il nous apparait de plus en plus clairement que la sant\u00e9 du \u00ab\u202fCapital Social\u202f\u00bb<sup> <\/sup>de l\u2019entreprise, fait l\u2019objet d\u2019une maitrise plus \u00e9vanescente\u202fde la part de nos gestionnaires. &nbsp;<br>Nous pr\u00f4nons donc ici, une \u00e9volution vers une approche plus syst\u00e9mique (ch\u00e8re d&#8217;ailleurs <a href=\"https:\/\/nulab.com\/learn\/software-development\/systems-thinking-devops-essential-heres-need-know\/%22%20\/l%20%22:~:text=Systems%20thinking%20and%20DevOps,this%2C%20the%20system%20stops%20working.\" target=\"_blank\" rel=\"noreferrer noopener\">\u00e0 la pens\u00e9e DevOps<\/a> et dont l&#8217;absence, cela sans surprise, suffit souvent \u00e0 pr\u00e9voir les \u00e9checs de ce type de transformation).\u202f&nbsp;<\/p>\n\n\n\n<p class=\"wp-block-paragraph\">Une d\u00e9cision qui semble faire sens au niveau du &#8220;Capital Humain&#8221;, peut s&#8217;av\u00e9rer contre-productive, voire toxique au niveau du &#8220;Capital Social&#8221;.\u202f&nbsp;<\/p>\n\n\n\n<p class=\"wp-block-paragraph\">&nbsp;<br>Il est \u00e0 cet \u00e9gard, donn\u00e9 de remarquer que Worldline, au m\u00eame titre que la plupart des entreprises similaires (pour la plupart conseill\u00e9es par les m\u00eames cabinets), souffre de maux qui viennent attester d&#8217;un \u00e9tat de sant\u00e9 assez relatif de son &#8220;Capital Social&#8221;. Qu&#8217;il s&#8217;agisse de la <strong>Grande D\u00e9mission<\/strong>, la persistance des <strong>burn-out<\/strong> ou encore l&#8217;\u00e9tat de r\u00e9signation, d&#8217;ennui et de n\u00e9gativit\u00e9 d&#8217;une partie des salari\u00e9s (<strong>Quiet Quitting<\/strong>)\u2026.\u202f\u202f&nbsp;<\/p>\n\n\n\n<p class=\"wp-block-paragraph\">Un autre r\u00e9v\u00e9lateur du climat dans notre entreprise et du monde du travail en g\u00e9n\u00e9ral<sup>(<\/sup><sup>13)<\/sup>, est la recrudescence des demandes de rupture conventionnelle des salari\u00e9s en fin de carri\u00e8re, dont l\u2019ampleur r\u00e9cente a surpris nos services de gestion des ressources humaines. Certains esprits taquins pourraient m\u00eame \u00eatre tent\u00e9s de pr\u00eater nom \u00e0 ce nouveau ph\u00e9nom\u00e8ne : la <strong>Grande Rupture<\/strong>\u202f!\u202f&nbsp;<br>&nbsp;<\/p>\n\n\n\n<p class=\"wp-block-paragraph\">Worldline semble d\u00e9sormais faire son entr\u00e9e dans le club des entreprises dans lesquelles trop de d\u00e9butants ne se projettent plus \u00e0 long terme, alors que beaucoup de confirm\u00e9s aspirent \u00e0 voler vers d&#8217;autres cieux, tandis qu&#8217;un nombre important de ses s\u00e9niors n&#8217;attend plus grand chose. Quand bien m\u00eame ce d\u00e9sengagement ne concerne pas l\u2019ensemble des salari\u00e9s, un grand nombre en est n\u00e9anmoins malheureusement affect\u00e9.\u202f&nbsp;<br>&nbsp;<\/p>\n\n\n\n<p class=\"wp-block-paragraph\">M\u00eame s&#8217;il est possible comme le fait Worldline de penser (et panser) ces probl\u00e8mes s\u00e9par\u00e9ment, nous y voyons les manifestations d&#8217;un processus de d\u00e9vitalisation de notre Capital Social. Qui plus est, adresser ces probl\u00e8mes s\u00e9par\u00e9ment, ne fera qu&#8217;exacerber cette d\u00e9vitalisation. Cette d\u00e9marche typique de la pens\u00e9e en silos, r\u00e9duit l&#8217;ensemble \u00e0 la somme de ses parties. En cherchant \u00e0 att\u00e9nuer ou \u00e0 g\u00e9rer les sympt\u00f4mes, elle ignore de fait les causes r\u00e9elles du mal-\u00eatre et obtient souvent l&#8217;inverse de l&#8217;effet escompt\u00e9.\u202f Pour revisiter <a href=\"https:\/\/fr.wiktionary.org\/wiki\/quand_le_sage_montre_la_Lune,_l%E2%80%99idiot_regarde_le_doigt\" target=\"_blank\" rel=\"noreferrer noopener\">un vieil adage chinois<\/a> bien connu, plut\u00f4t que de trop focaliser sur les indicateurs et chercher \u00e0 les optimiser, comprenons plut\u00f4t ce qu&#8217;ils r\u00e9v\u00e8lent.&nbsp;<br>\u202f\u202f&nbsp;<\/p>\n\n\n\n<p class=\"wp-block-paragraph\">Au lieu de tenter de minimiser et parfois de masquer les sympt\u00f4mes \u00e9nonc\u00e9s, il nous semble bien plus productif de les consid\u00e9rer comme des alertes pr\u00e9coces signalant que Worldline a pos\u00e9 le pied sur une mauvaise pente ; celle pouvant l&#8217;amener \u00e0 rejoindre le contingent des entreprises qui ne font pas r\u00eaver. Ce type d&#8217;entreprises qui ali\u00e8nent. Ce type d&#8217;entreprises qui, par des moyens indirects, stigmatisent tranquillement.\u202f&nbsp;<br>&nbsp;<\/p>\n\n\n\n<p class=\"wp-block-paragraph\">Mais h\u00e9las, comme on pourrait s&#8217;y attendre, la pr\u00e9f\u00e9rence est donn\u00e9e au combat contre les sympt\u00f4mes avec une tournure qui par contre, ne manque pas de surprendre.\u202f&nbsp;<br>Ainsi, par exemple, consigne est donn\u00e9e aux managers, de n&#8217;attribuer d&#8217;augmentation individuelle qu&#8217;\u00e0 75 % des salari\u00e9s \u00e9ligibles. Ce qui force les managers \u00e0 identifier les soi-disant &#8220;low-performers&#8221; de leur \u00e9quipe de mani\u00e8re \u00e0 ne gratifier que les salari\u00e9s qui \u00e9chappent \u00e0 ce stigmate.\u202f\u202f&nbsp;<\/p>\n\n\n\n<p class=\"wp-block-paragraph\">&nbsp;<br>Ce faisant, la direction non seulement, nous fournit \u00e0 &#8220;l&#8217;insu de son plein gr\u00e9&#8221;, son estimation du taux minimal de d\u00e9sengagement \u2013 abyssal \u2013 dans l&#8217;entreprise, mais en plus, elle donne \u00e0 voir au grand jour, l&#8217;incroyable incons\u00e9quence avec laquelle elle entend g\u00e9rer ce probl\u00e8me.\u202f\u202f\u202f&nbsp;<br>&nbsp;<\/p>\n\n\n\n<p class=\"wp-block-paragraph\"><strong><em>Suite de l&#8217;article au prochain \u00e9pisode dans lequel nous proposerons une perspective sur cette d\u00e9cision et ses cons\u00e9quences. <\/em><\/strong>&nbsp;<br>&nbsp;<br><em><strong>Afin d&#8217;\u00eatre notifi\u00e9(e) de la publication de la deuxi\u00e8me partie de cet article, nous vous invitons \u00e0 vous<\/strong> <\/em><a rel=\"noreferrer noopener\" href=\"https:\/\/cftc-atosworldline.fr\/wp\/blog\/2023\/01\/12\/les-tracts-syndicaux-sarretent-inscrivez-vous-a-notre-newsletter\/\" target=\"_blank\"><strong><em>inscrire \u00e0 notre liste de diffusion<\/em><\/strong><\/a><em>. <\/em><strong><em>N&#8217;h\u00e9sitez pas \u00e9galement si vous pensez que cette r\u00e9flexion peut faire avancer les choses dans notre entreprise, \u00e0 faire suivre \u00e0 vos coll\u00e8gues et managers.<\/em>\u202fNous attendons vos commentaires avec impatience.&nbsp;<\/strong><\/p>\n\n\n\n<p class=\"wp-block-paragraph\"><\/p>\n\n\n\n<p class=\"wp-block-paragraph\">A suivre avec <br><a href=\"https:\/\/bit.ly\/3q7bVSO\" data-type=\"URL\" data-id=\"https:\/\/bit.ly\/3q7bVSO\">Worldline, G\u00e9ant Agile ou d&#8217;Argile ?  Partie 2<\/a><\/p>\n\n\n\n<p class=\"wp-block-paragraph\"><\/p>\n\n\n\n<p class=\"wp-block-paragraph\"><\/p>\n\n\n\n<ol class=\"wp-block-list\" start=\"1\">\n<li><em>Nous sommes loin de &#8220;la fin de l\u2019histoire&#8221; que le chercheur en sciences politiques am\u00e9ricain<\/em> <em>Francis Fukuyama s\u2019\u00e9tait hasard\u00e9 \u00e0 proph\u00e9tiser lors de la chute du mur de Berlin. La chute du communisme et la fin de la guerre froide \u00e9taient cens\u00e9es marquer la fin des id\u00e9ologies rivales de celles des d\u00e9mocraties lib\u00e9rales et donc la disparition de syst\u00e8mes politiques alternatifs viables, et donc plus d&#8217;histoire au sens traditionnel du terme.<\/em>\u202f&nbsp;<br>\u202f&nbsp;<\/li>\n<\/ol>\n\n\n\n<ol class=\"wp-block-list\" start=\"2\">\n<li><em>A ce stade, il est opportun d&#8217;\u00e9voquer <\/em><a href=\"https:\/\/www.nature.com\/articles\/nphys1010\" target=\"_blank\" rel=\"noreferrer noopener\"><em>la loi des rendements acc\u00e9l\u00e9r\u00e9s<\/em><\/a><em>, selon laquelle le rythme du changement dans la plupart des syst\u00e8mes \u00e9volutifs, augmente de mani\u00e8re exponentielle en raison des r\u00e9troactions positives \u00e0 chaque \u00e9tape de l&#8217;\u00e9volution. L&#8217;apparition soudaine(Explosion Cambrienne) \u00e0 l&#8217;\u00e9chelle des temps g\u00e9ologiques d&#8217;anatomies enti\u00e8rement nouvelles qui pr\u00e9figurent d\u00e9j\u00e0 les grands groupes d&#8217;animaux actuels (ex: les phylums tels que les arthropodes et les vert\u00e9br\u00e9s ) <\/em><a href=\"https:\/\/www.cnrs.fr\/cw\/dossiers\/dosevol\/decouv\/articles\/chap2\/vannier.html#:~:text=L%27Explosion%20Cambrienne%20d%C3%A9signe%20l,les%20arthropodes%20et%20les%20vert%C3%A9br%C3%A9s).\" target=\"_blank\" rel=\"noreferrer noopener\"><em>illustre bien ce ph\u00e9nom\u00e8ne<\/em><\/a><em>. <\/em>\u202f&nbsp;<br><em>Cette loi s&#8217;applique \u00e9galement \u00e0 l&#8217;\u00e9volution de la technologie, ce qui laisse pr\u00e9sager que le si\u00e8cle \u00e0 venir apportera autant de changements technologiques que les 20 mill\u00e9naires\u202f pr\u00e9c\u00e9dents.<\/em>\u202f&nbsp;<\/li>\n<\/ol>\n\n\n\n<p class=\"wp-block-paragraph\">\u202f&nbsp;<\/p>\n\n\n\n<ol class=\"wp-block-list\" start=\"3\">\n<li><em>IA G\u00e9n\u00e9rative d\u00e9signe des algorithmes d&#8217;Intelligence Artificielle et de Machine Learning qui utilisent des contenus existants au service de leur apprentissage pour en g\u00e9n\u00e9rer de nouveaux<\/em>\u202f&nbsp;<\/li>\n<\/ol>\n\n\n\n<ol class=\"wp-block-list\" start=\"4\">\n<li><em>Les agents autonomes sont des programmes, aliment\u00e9s par l\u2019IA, qui lorsqu\u2019ils re\u00e7oivent un objectif sont capables de cr\u00e9er des t\u00e2ches pour eux-m\u00eames, de les accomplir, de cr\u00e9er de nouvelles t\u00e2ches, de r\u00e9organiser leur liste de t\u00e2ches, d\u2019accomplir la nouvelle t\u00e2che principale et de boucler jusqu\u2019\u00e0 ce que leur objectif soit atteint (AutoGPT, Microsoft Jarvis, BabyAGI, etc\u2026).<\/em>\u202f&nbsp;DeepMind la filiale AI de Google vient du reste d\u2019annoncer que son nouveau moteur appel\u00e9 Gemini aura des fonctionnalit\u00e9s de <a href=\"https:\/\/www.wired.com\/story\/google-deepmind-demis-hassabis-chatgpt\/?utm_campaign=the-end-of-chatgpt-what-execs-really-care-about&amp;utm_medium=newsletter&amp;utm_source=aisimplified.beehiiv.com\" target=\"_blank\" rel=\"noreferrer noopener\">&#8220;planification et de r\u00e9solution de probl\u00e8mes&#8221;<\/a><\/li>\n<\/ol>\n\n\n\n<ol class=\"wp-block-list\" start=\"5\">\n<li><em>\u202fPar exemple, YouGov, une soci\u00e9t\u00e9 mondiale d&#8217;opinion publique et de donn\u00e9es, a r\u00e9alis\u00e9 une enqu\u00eate au Royaume-Uni sur la satisfaction au travail et a constat\u00e9 que pr\u00e8s de 37 % des personnes interrog\u00e9es estimaient que leur emploi ne contribuait pas de mani\u00e8re significative au monde. <\/em>\u202f&nbsp;<br><em>&#8211; Un rapport de Gallup de 2017 a examin\u00e9 l&#8217;engagement des employ\u00e9s dans le monde entier et a constat\u00e9 que seulement <\/em><strong><em>15 %<\/em><\/strong><em> des employ\u00e9s se sentaient engag\u00e9s dans leur travail, c&#8217;est-\u00e0-dire enthousiastes et d\u00e9vou\u00e9s \u00e0 leur travail. Le rapport sugg\u00e8re qu&#8217;une part importante de la main-d&#8217;\u0153uvre mondiale peut se sentir d\u00e9connect\u00e9e et insatisfaite dans leurs r\u00f4les<\/em>\u202f&nbsp;<br><em>&#8211; Une \u00e9tude de Deloitte de 2011 a r\u00e9v\u00e9l\u00e9 qu&#8217;environ <\/em><strong><em>80 % <\/em><\/strong><em>des personnes \u00e9taient insatisfaites de leur emploi et estimaient ne pas avoir l&#8217;opportunit\u00e9 d&#8217;utiliser leur plein potentiel<\/em>\u202f&nbsp;<br><em>&#8211; Une \u00e9tude de Stanford de 2014 a conclu que les personnes trouvent un sens \u00e0 leur travail lorsque celui-ci contribue aux autres, favorise leur croissance personnelle, est en accord avec leurs valeurs et leur offre un sentiment d&#8217;autonomie et de contr\u00f4le<\/em>\u202f&nbsp;<\/li>\n<\/ol>\n\n\n\n<ol class=\"wp-block-list\" start=\"6\">\n<li><em>Grande d\u00e9mission: un nombre toujours croissant de salari\u00e9s changeant d\u2019entreprise ou carr\u00e9ment de cap professionnel voire de projet de vie, une grande partie optant pour l\u2019auto-entreprise et\/ou pour la vie hors des grands centres urbains).<\/em>\u202f&nbsp;<\/li>\n<\/ol>\n\n\n\n<ol class=\"wp-block-list\" start=\"7\">\n<li><em>Quiet Quitting: d\u00e9sengagement \u00e9motionnel par rapport au travail, r\u00e9sultat d\u2019une r\u00e9signation ou d\u2019une d\u00e9sillusion vis-\u00e0-vis de l\u2019entreprise et le monde du travail<\/em>\u202f&nbsp;<\/li>\n<\/ol>\n\n\n\n<ol class=\"wp-block-list\" start=\"8\">\n<li><em>La destruction cr\u00e9atrice est le processus \u00e9conomique continu par lequel l&#8217;irruption sur les march\u00e9s d&#8217;innovations technologiques\u202f d\u00e9fie les entreprises d\u00e9j\u00e0 implant\u00e9es et conduit les moins productives \u00e0 dispara\u00eetre. Par ce processus, le syst\u00e8me \u00e9conomique se renouvelle et g\u00e9n\u00e8re une croissance \u00e9conomique de long terme<\/em>\u202f&nbsp;<\/li>\n<\/ol>\n\n\n\n<ol class=\"wp-block-list\" start=\"9\">\n<li><em>La disruption pour un business, r\u00e9sulte d&#8217;un changement dans son \u00e9cosyst\u00e8me dont les cons\u00e9quences affectent un ou plusieurs aspects de son existence. Ainsi en peu de temps, ses produits, ses services, ses modes op\u00e9ratoires, ses mod\u00e8les d&#8217;affaires, ses structures de co\u00fbts, ses mod\u00e8les cognitifs et\/ou d&#8217;autres aspects de son existence deviennent obsol\u00e8tes ou perdent leur pertinence, entrainant un d\u00e9savantage comp\u00e9titif important (pensez \u00e0 Kodak par exemple, ou \u00e0 Nokia et \u00e0 bien d&#8217;autres).<\/em>\u202f&nbsp;<\/li>\n<\/ol>\n\n\n\n<ol class=\"wp-block-list\" start=\"10\">\n<li><em>La pens\u00e9e m\u00e9caniciste est une conception philosophique et scientifique qui consid\u00e8re le monde comme un m\u00e9canisme r\u00e9gi par des lois strictes et d\u00e9terministes, similaires \u00e0 celles que l&#8217;on retrouve dans les machines. Selon cette perspective, tous les ph\u00e9nom\u00e8nes naturels, y compris les processus mentaux et biologiques, peuvent \u00eatre compris et expliqu\u00e9s en termes de principes m\u00e9caniques et de causalit\u00e9.\u202f<\/em>\u202f&nbsp;<\/li>\n<\/ol>\n\n\n\n<ol class=\"wp-block-list\" start=\"11\">\n<li><em>La gestion des talents, \u00e9galement connue sous le nom de gestion du capital humain, fait r\u00e9f\u00e9rence \u00e0 l&#8217;ensemble des pratiques et des processus mis en place par une organisation pour attirer, recruter, d\u00e9velopper, retenir et optimiser les talents au sein de ses effectifs. Nous tenons \u00e0 faire une mise en garde avant de continuer. Nous ne partageons absolument pas la conception consistant \u00e0 assimiler l\u2019humain \u00e0 un mat\u00e9riel ou \u00e0 une ressource. Notre utilisation du terme \u201cCapital\u201d se r\u00e9f\u00e8re au fait que l\u2019entreprise investit en salaire, en formation et dans tout un tas de choses, ce qui peut amener \u00e0 concevoir cet investissement comme un capital (oubliant au passage que le salaire correspond \u00e0 un travail effectu\u00e9). Nous employons ce terme pour pr\u00e9server cette m\u00e9taphore mais en discuterons le fondement id\u00e9ologique dans une autre partie de l\u2019article.&nbsp;<\/em>&nbsp;<\/li>\n<\/ol>\n\n\n\n<ol class=\"wp-block-list\" start=\"12\">\n<li><em>Le <\/em><a href=\"https:\/\/kognozconsulting.com\/social-capital-a-strategic-resource-for-leadership\/\" target=\"_blank\" rel=\"noreferrer noopener\"><em>Capital Social<\/em><\/a><em> d&#8217;une entreprise se r\u00e9f\u00e8re \u00e0 la valeur, aux avantages et aux ressources qui d\u00e9coulent des relations, des connexions et des interactions sociales entre les individus au sein de cette entreprise. Il englobe les liens et les r\u00e9seaux professionnels, ainsi que la confiance, la collaboration et les normes partag\u00e9es qui favorisent une coop\u00e9ration efficace et une performance collective. Le comportement du syst\u00e8me social (ou dit autrement, ses \u00e9mergences) <\/em><a href=\"https:\/\/www.youtube.com\/watch?v=zZP42di3QVk\" target=\"_blank\" rel=\"noreferrer noopener\"><em>ne peut \u00eatre d\u00e9duit<\/em><\/a><em> \u00e0 partir du comportement de ses composants (ses salari\u00e9s), ni r\u00e9duit \u00e0 ceux-ci. Notons que le &#8220;Capital humain&#8221; et le &#8220;Capital Social&#8221; d&#8217;une entreprise constituent d&#8217;ind\u00e9niables avantages comp\u00e9titifs. Tout en \u00e9tant distincts les deux sont cependant intimement intriqu\u00e9s et la qualit\u00e9 de l&#8217;un influe directement sur la qualit\u00e9 de l&#8217;autre.<\/em>\u202f&nbsp;<\/li>\n<\/ol>\n\n\n\n<ol class=\"wp-block-list\" start=\"13\">\n<li><em>les seniors ne sont gu\u00e8re valoris\u00e9s sur le march\u00e9 du travail (Une \u00e9tude montre que comparativement <\/em><a href=\"https:\/\/www.roberthalf.fr\/presse\/reforme-des-retraites-63-des-salaries-seniors-nont-pas-ete-sollicites-par-des-recruteurs\" target=\"_blank\" rel=\"noreferrer noopener\"><em>les salari\u00e9s \u201cseniors\u201d sont beaucoup moins sollicit\u00e9s par les recruteurs<\/em><\/a><em>) alors que <\/em><a href=\"https:\/\/www.mieux-lemag.fr\/liste-ressources\/liste-ressources-videos-mieux-tv-valorisation-emploi-seniors-entreprises\/\" target=\"_blank\" rel=\"noreferrer noopener\"><em>25% des collaborateurs en fin carri\u00e8re se verraient proposer une rupture conventionnelle<\/em><\/a><em>, et pr\u00e8s de 60% des demandeurs d\u2019emploi de plus de 50 ans sont au ch\u00f4mage depuis plus d\u2019un an.<\/em>\u202f&nbsp;<\/li>\n<\/ol>\n","protected":false},"excerpt":{"rendered":"<p>Vous lisez le premier article de notre s\u00e9rie \u00ab&nbsp;Worldline, G\u00e9ant Agile ou d\u2019Argile&nbsp;\u00bb. Retrouvez&nbsp;tous les articles ici. Introduction&nbsp; Voici le premier volet d\u2019une s\u00e9rie d\u2019articles constituant une r\u00e9flexion autour de l\u2019\u00e9mergence de l\u2019Intelligence Artificielle (IA) et l\u2019importance dans ce contexte de la pr\u00e9servation de notre \u201cCapital Social\u201d.&nbsp;&nbsp; Apr\u00e8s avoir fait un rappel du contexte global [&hellip;]<\/p>\n","protected":false},"author":1,"featured_media":6723,"comment_status":"open","ping_status":"closed","sticky":false,"template":"","format":"standard","meta":{"_crdt_document":"","rop_custom_images_group":[],"rop_custom_messages_group":[],"rop_publish_now":"initial","rop_publish_now_accounts":[],"rop_publish_now_history":[],"rop_publish_now_status":"pending","footnotes":""},"categories":[5,389],"tags":[432,213,212],"class_list":["post-6720","post","type-post","status-publish","format-standard","has-post-thumbnail","hentry","category-idees","category-votre-avis-nous-interesse","tag-serie2023","tag-slider","tag-ticker"],"_links":{"self":[{"href":"https:\/\/cftc-atosworldline.fr\/wp\/wp-json\/wp\/v2\/posts\/6720","targetHints":{"allow":["GET"]}}],"collection":[{"href":"https:\/\/cftc-atosworldline.fr\/wp\/wp-json\/wp\/v2\/posts"}],"about":[{"href":"https:\/\/cftc-atosworldline.fr\/wp\/wp-json\/wp\/v2\/types\/post"}],"author":[{"embeddable":true,"href":"https:\/\/cftc-atosworldline.fr\/wp\/wp-json\/wp\/v2\/users\/1"}],"replies":[{"embeddable":true,"href":"https:\/\/cftc-atosworldline.fr\/wp\/wp-json\/wp\/v2\/comments?post=6720"}],"version-history":[{"count":22,"href":"https:\/\/cftc-atosworldline.fr\/wp\/wp-json\/wp\/v2\/posts\/6720\/revisions"}],"predecessor-version":[{"id":7642,"href":"https:\/\/cftc-atosworldline.fr\/wp\/wp-json\/wp\/v2\/posts\/6720\/revisions\/7642"}],"wp:featuredmedia":[{"embeddable":true,"href":"https:\/\/cftc-atosworldline.fr\/wp\/wp-json\/wp\/v2\/media\/6723"}],"wp:attachment":[{"href":"https:\/\/cftc-atosworldline.fr\/wp\/wp-json\/wp\/v2\/media?parent=6720"}],"wp:term":[{"taxonomy":"category","embeddable":true,"href":"https:\/\/cftc-atosworldline.fr\/wp\/wp-json\/wp\/v2\/categories?post=6720"},{"taxonomy":"post_tag","embeddable":true,"href":"https:\/\/cftc-atosworldline.fr\/wp\/wp-json\/wp\/v2\/tags?post=6720"}],"curies":[{"name":"wp","href":"https:\/\/api.w.org\/{rel}","templated":true}]}}