{"id":666,"date":"2016-02-12T17:21:18","date_gmt":"2016-02-12T17:21:18","guid":{"rendered":"https:\/\/cftc-atosworldline.fr\/wp\/?p=666"},"modified":"2016-03-26T14:29:51","modified_gmt":"2016-03-26T14:29:51","slug":"comprendre-nos-metiers-retour-sur-notre-questionnaire","status":"publish","type":"post","link":"https:\/\/cftc-atosworldline.fr\/wp\/blog\/2016\/02\/12\/comprendre-nos-metiers-retour-sur-notre-questionnaire\/","title":{"rendered":"Comprendre nos m\u00e9tiers, retour sur notre questionnaire"},"content":{"rendered":"<p>Tout d\u2019abord nous aimerions remercier la centaine de personne ayant pris du temps pour r\u00e9pondre \u00e0 notre questionnaire. Merci beaucoup \u00e0 vous tous\u00a0! Vos r\u00e9ponses sont d\u00e9taill\u00e9es et pr\u00e9cises, elles nous permettent d\u2019affiner notre compr\u00e9hension de vos difficult\u00e9s, de vos attentes et des atouts de Worldline.<br \/>\n<!--more--><\/p>\n<p>Nous vous proposons une rapide analyse g\u00e9n\u00e9rale avant de vous pr\u00e9senter les r\u00e9sultats d\u00e9taill\u00e9s de <a href=\"https:\/\/docs.google.com\/forms\/d\/1BfsoNnl0MeSMuS-CWACwTn3ZDJ3z4EpoHKkASZ18MKY\/viewform\">l\u2019enqu\u00eate<\/a>.<\/p>\n<h4 style=\"color: #024d70;\">Des situations vari\u00e9es<\/h4>\n<p>Le premier point important \u00e0 remarquer est la diversit\u00e9 des situations que nous rencontrons au sein de Worldline. Bien que pour certaines questions les r\u00e9sultats sont plus homog\u00e8nes, on constate n\u00e9anmoins dans la plupart des cas la coexistence de ressentis tr\u00e8s vari\u00e9s.<\/p>\n<p>Sur la cr\u00e9ativit\u00e9 par exemple, 30% des enqu\u00eat\u00e9s jugent la situation pr\u00e9occupante avec 18% d\u2019entre eux estimant que la cr\u00e9ativit\u00e9 de leurs r\u00e9alisations se d\u00e9gradent, mais seulement 7% estiment qu\u2019elle est \u00e0 un niveau insatisfaisant. Dans le m\u00eame temps plus de 20% consid\u00e8rent avoir une cr\u00e9ativit\u00e9 satisfaisante alors que les 50% restant la trouvent correcte.<\/p>\n<p>La r\u00e9partition des r\u00e9ponses sur la reconnaissance de la qualit\u00e9 du travail pr\u00e9sente des r\u00e9ponses similaires.<\/p>\n<p>L\u2019appr\u00e9ciation de la qualit\u00e9 de nos r\u00e9alisations est plus s\u00e9v\u00e8re. 21% des enqu\u00eat\u00e9s sont insatisfaits de la qualit\u00e9 de leurs r\u00e9alisations auxquels s\u2019ajoutent 7% de tr\u00e8s insatisfaits. Comme pr\u00e9c\u00e9demment, dans le m\u00eame temps on constate que pr\u00e8s de 70% des personnes interrog\u00e9es sont satisfaites ou bien estiment correcte la qualit\u00e9 de leurs r\u00e9alisations.<\/p>\n<p>L\u2019\u00e9valuation de l\u2019autonomie et de la responsabilisation dans nos missions pr\u00e9sentent des similitudes alarmantes. Dans les deux cas, pr\u00e8s d\u2019un quart des enqu\u00eat\u00e9s consid\u00e8rent que cette caract\u00e9ristique de leur m\u00e9tier est en train de se d\u00e9grader. Auquel s\u2019ajoute 25% des salari\u00e9s sond\u00e9s jugeant leurs autonomie et responsabilisation insatisfaisantes (dont 4% de tr\u00e8s insatisfait). L\u00e0 encore inversement, mais de mani\u00e8re moins marqu\u00e9e, pr\u00e8s de 50% des salari\u00e9s sont satisfaits ou estiment correcte cette dimension de leur travail.<\/p>\n<h4 style=\"color: #024d70;\">Une alerte<\/h4>\n<p>L\u2019appr\u00e9ciation de la qualit\u00e9 des moyens mis \u00e0 disposition des salari\u00e9s pour r\u00e9aliser leurs missions est jug\u00e9e plus durement. Aucun des salari\u00e9s ayant r\u00e9pondu au sondage n\u2019est satisfait de cette caract\u00e9ristique primordiale de nos m\u00e9tiers. Pr\u00e8s de 40% d\u2019entre eux sont insatisfaits et jusqu\u2019\u00e0 14% estiment que la situation est-elle qu\u2019elle repr\u00e9sente un danger pour nos m\u00e9tiers.<\/p>\n<h4 style=\"color: #024d70;\">Les bons points<\/h4>\n<p>Les relations avec nos managers de proximit\u00e9 et au sein des \u00e9quipes pr\u00e9sentent des r\u00e9sultats tr\u00e8s positifs. Pr\u00e8s de 90% des personnes sond\u00e9es sont satisfaites ou \u00e0 minima jugent correcte cette dimension de leurs m\u00e9tiers. C\u2019est \u00e9videment encourageant.<\/p>\n<h4 style=\"color: #024d70;\">Le d\u00e9tail des r\u00e9sultats<\/h4>\n<figure id=\"attachment_677\" aria-describedby=\"caption-attachment-677\" style=\"width: 300px\" class=\"wp-caption aligncenter\"><a href=\"https:\/\/cftc-atosworldline.fr\/wp\/wp-content\/uploads\/2016\/02\/La-cr\u00e9ativit\u00e9.jpg\" rel=\"attachment wp-att-677\"><img loading=\"lazy\" decoding=\"async\" class=\"size-medium wp-image-677\" src=\"https:\/\/cftc-atosworldline.fr\/wp\/wp-content\/uploads\/2016\/02\/La-cr\u00e9ativit\u00e9-300x179.jpg\" alt=\"La cr\u00e9ativit\u00e9 dans mes missions\" width=\"300\" height=\"179\" srcset=\"https:\/\/cftc-atosworldline.fr\/wp\/wp-content\/uploads\/2016\/02\/La-cr\u00e9ativit\u00e9-300x179.jpg 300w, https:\/\/cftc-atosworldline.fr\/wp\/wp-content\/uploads\/2016\/02\/La-cr\u00e9ativit\u00e9-768x458.jpg 768w, https:\/\/cftc-atosworldline.fr\/wp\/wp-content\/uploads\/2016\/02\/La-cr\u00e9ativit\u00e9.jpg 825w, https:\/\/cftc-atosworldline.fr\/wp\/wp-content\/uploads\/2016\/02\/La-cr\u00e9ativit\u00e9-635x380.jpg 635w, https:\/\/cftc-atosworldline.fr\/wp\/wp-content\/uploads\/2016\/02\/La-cr\u00e9ativit\u00e9-336x200.jpg 336w, https:\/\/cftc-atosworldline.fr\/wp\/wp-content\/uploads\/2016\/02\/La-cr\u00e9ativit\u00e9-671x400.jpg 671w\" sizes=\"auto, (max-width: 300px) 100vw, 300px\" \/><\/a><figcaption id=\"caption-attachment-677\" class=\"wp-caption-text\">La cr\u00e9ativit\u00e9 dans mes missions<\/figcaption><\/figure>\n<figure id=\"attachment_676\" aria-describedby=\"caption-attachment-676\" style=\"width: 300px\" class=\"wp-caption aligncenter\"><a href=\"https:\/\/cftc-atosworldline.fr\/wp\/wp-content\/uploads\/2016\/02\/La-qualit\u00e9.jpg\" rel=\"attachment wp-att-676\"><img loading=\"lazy\" decoding=\"async\" class=\"size-medium wp-image-676\" src=\"https:\/\/cftc-atosworldline.fr\/wp\/wp-content\/uploads\/2016\/02\/La-qualit\u00e9-300x180.jpg\" alt=\"La qualit\u00e9 de mes r\u00e9alisations\" width=\"300\" height=\"180\" srcset=\"https:\/\/cftc-atosworldline.fr\/wp\/wp-content\/uploads\/2016\/02\/La-qualit\u00e9-300x180.jpg 300w, https:\/\/cftc-atosworldline.fr\/wp\/wp-content\/uploads\/2016\/02\/La-qualit\u00e9-768x461.jpg 768w, https:\/\/cftc-atosworldline.fr\/wp\/wp-content\/uploads\/2016\/02\/La-qualit\u00e9-635x380.jpg 635w, https:\/\/cftc-atosworldline.fr\/wp\/wp-content\/uploads\/2016\/02\/La-qualit\u00e9-336x200.jpg 336w, https:\/\/cftc-atosworldline.fr\/wp\/wp-content\/uploads\/2016\/02\/La-qualit\u00e9-671x400.jpg 671w, https:\/\/cftc-atosworldline.fr\/wp\/wp-content\/uploads\/2016\/02\/La-qualit\u00e9-667x400.jpg 667w, https:\/\/cftc-atosworldline.fr\/wp\/wp-content\/uploads\/2016\/02\/La-qualit\u00e9.jpg 817w\" sizes=\"auto, (max-width: 300px) 100vw, 300px\" \/><\/a><figcaption id=\"caption-attachment-676\" class=\"wp-caption-text\">La qualit\u00e9 de mes r\u00e9alisations<\/figcaption><\/figure>\n<figure id=\"attachment_675\" aria-describedby=\"caption-attachment-675\" style=\"width: 300px\" class=\"wp-caption aligncenter\"><a href=\"https:\/\/cftc-atosworldline.fr\/wp\/wp-content\/uploads\/2016\/02\/Autonomie.jpg\" rel=\"attachment wp-att-675\"><img loading=\"lazy\" decoding=\"async\" class=\"size-medium wp-image-675\" src=\"https:\/\/cftc-atosworldline.fr\/wp\/wp-content\/uploads\/2016\/02\/Autonomie-300x180.jpg\" alt=\"Autonomie dans les r\u00e9alisations\" width=\"300\" height=\"180\" srcset=\"https:\/\/cftc-atosworldline.fr\/wp\/wp-content\/uploads\/2016\/02\/Autonomie-300x180.jpg 300w, https:\/\/cftc-atosworldline.fr\/wp\/wp-content\/uploads\/2016\/02\/Autonomie-768x461.jpg 768w, https:\/\/cftc-atosworldline.fr\/wp\/wp-content\/uploads\/2016\/02\/Autonomie-635x380.jpg 635w, https:\/\/cftc-atosworldline.fr\/wp\/wp-content\/uploads\/2016\/02\/Autonomie-336x200.jpg 336w, https:\/\/cftc-atosworldline.fr\/wp\/wp-content\/uploads\/2016\/02\/Autonomie-671x400.jpg 671w, https:\/\/cftc-atosworldline.fr\/wp\/wp-content\/uploads\/2016\/02\/Autonomie-667x400.jpg 667w, https:\/\/cftc-atosworldline.fr\/wp\/wp-content\/uploads\/2016\/02\/Autonomie.jpg 817w\" sizes=\"auto, (max-width: 300px) 100vw, 300px\" \/><\/a><figcaption id=\"caption-attachment-675\" class=\"wp-caption-text\">Autonomie dans les r\u00e9alisations<\/figcaption><\/figure>\n<figure id=\"attachment_674\" aria-describedby=\"caption-attachment-674\" style=\"width: 300px\" class=\"wp-caption aligncenter\"><a href=\"https:\/\/cftc-atosworldline.fr\/wp\/wp-content\/uploads\/2016\/02\/responsabilisation.jpg\" rel=\"attachment wp-att-674\"><img loading=\"lazy\" decoding=\"async\" class=\"size-medium wp-image-674\" src=\"https:\/\/cftc-atosworldline.fr\/wp\/wp-content\/uploads\/2016\/02\/responsabilisation-300x180.jpg\" alt=\"Responsabilisation dans mes missions\" width=\"300\" height=\"180\" srcset=\"https:\/\/cftc-atosworldline.fr\/wp\/wp-content\/uploads\/2016\/02\/responsabilisation-300x180.jpg 300w, https:\/\/cftc-atosworldline.fr\/wp\/wp-content\/uploads\/2016\/02\/responsabilisation-768x460.jpg 768w, https:\/\/cftc-atosworldline.fr\/wp\/wp-content\/uploads\/2016\/02\/responsabilisation-635x380.jpg 635w, https:\/\/cftc-atosworldline.fr\/wp\/wp-content\/uploads\/2016\/02\/responsabilisation-336x200.jpg 336w, https:\/\/cftc-atosworldline.fr\/wp\/wp-content\/uploads\/2016\/02\/responsabilisation-671x400.jpg 671w, https:\/\/cftc-atosworldline.fr\/wp\/wp-content\/uploads\/2016\/02\/responsabilisation-667x400.jpg 667w, https:\/\/cftc-atosworldline.fr\/wp\/wp-content\/uploads\/2016\/02\/responsabilisation.jpg 816w\" sizes=\"auto, (max-width: 300px) 100vw, 300px\" \/><\/a><figcaption id=\"caption-attachment-674\" class=\"wp-caption-text\">Responsabilisation dans mes missions<\/figcaption><\/figure>\n<figure id=\"attachment_673\" aria-describedby=\"caption-attachment-673\" style=\"width: 300px\" class=\"wp-caption aligncenter\"><a href=\"https:\/\/cftc-atosworldline.fr\/wp\/wp-content\/uploads\/2016\/02\/Employabilit\u00e9.jpg\" rel=\"attachment wp-att-673\"><img loading=\"lazy\" decoding=\"async\" class=\"size-medium wp-image-673\" src=\"https:\/\/cftc-atosworldline.fr\/wp\/wp-content\/uploads\/2016\/02\/Employabilit\u00e9-300x180.jpg\" alt=\"Employabilit\u00e9 et comp\u00e9tence\" width=\"300\" height=\"180\" srcset=\"https:\/\/cftc-atosworldline.fr\/wp\/wp-content\/uploads\/2016\/02\/Employabilit\u00e9-300x180.jpg 300w, https:\/\/cftc-atosworldline.fr\/wp\/wp-content\/uploads\/2016\/02\/Employabilit\u00e9-768x460.jpg 768w, https:\/\/cftc-atosworldline.fr\/wp\/wp-content\/uploads\/2016\/02\/Employabilit\u00e9-635x380.jpg 635w, https:\/\/cftc-atosworldline.fr\/wp\/wp-content\/uploads\/2016\/02\/Employabilit\u00e9-336x200.jpg 336w, https:\/\/cftc-atosworldline.fr\/wp\/wp-content\/uploads\/2016\/02\/Employabilit\u00e9-671x400.jpg 671w, https:\/\/cftc-atosworldline.fr\/wp\/wp-content\/uploads\/2016\/02\/Employabilit\u00e9-667x400.jpg 667w, https:\/\/cftc-atosworldline.fr\/wp\/wp-content\/uploads\/2016\/02\/Employabilit\u00e9.jpg 816w\" sizes=\"auto, (max-width: 300px) 100vw, 300px\" \/><\/a><figcaption id=\"caption-attachment-673\" class=\"wp-caption-text\">Employabilit\u00e9 et comp\u00e9tence<\/figcaption><\/figure>\n<figure id=\"attachment_672\" aria-describedby=\"caption-attachment-672\" style=\"width: 300px\" class=\"wp-caption aligncenter\"><a href=\"https:\/\/cftc-atosworldline.fr\/wp\/wp-content\/uploads\/2016\/02\/Moyens.jpg\" rel=\"attachment wp-att-672\"><img loading=\"lazy\" decoding=\"async\" class=\"size-medium wp-image-672\" src=\"https:\/\/cftc-atosworldline.fr\/wp\/wp-content\/uploads\/2016\/02\/Moyens-300x180.jpg\" alt=\"Moyens pour r\u00e9aliser mes missions\" width=\"300\" height=\"180\" srcset=\"https:\/\/cftc-atosworldline.fr\/wp\/wp-content\/uploads\/2016\/02\/Moyens-300x180.jpg 300w, https:\/\/cftc-atosworldline.fr\/wp\/wp-content\/uploads\/2016\/02\/Moyens-768x461.jpg 768w, https:\/\/cftc-atosworldline.fr\/wp\/wp-content\/uploads\/2016\/02\/Moyens-635x380.jpg 635w, https:\/\/cftc-atosworldline.fr\/wp\/wp-content\/uploads\/2016\/02\/Moyens-336x200.jpg 336w, https:\/\/cftc-atosworldline.fr\/wp\/wp-content\/uploads\/2016\/02\/Moyens-671x400.jpg 671w, https:\/\/cftc-atosworldline.fr\/wp\/wp-content\/uploads\/2016\/02\/Moyens-666x400.jpg 666w, https:\/\/cftc-atosworldline.fr\/wp\/wp-content\/uploads\/2016\/02\/Moyens.jpg 816w\" sizes=\"auto, (max-width: 300px) 100vw, 300px\" \/><\/a><figcaption id=\"caption-attachment-672\" class=\"wp-caption-text\">Moyens pour r\u00e9aliser mes missions<\/figcaption><\/figure>\n<figure id=\"attachment_671\" aria-describedby=\"caption-attachment-671\" style=\"width: 300px\" class=\"wp-caption aligncenter\"><a href=\"https:\/\/cftc-atosworldline.fr\/wp\/wp-content\/uploads\/2016\/02\/Reconnaissance.jpg\" rel=\"attachment wp-att-671\"><img loading=\"lazy\" decoding=\"async\" class=\"size-medium wp-image-671\" src=\"https:\/\/cftc-atosworldline.fr\/wp\/wp-content\/uploads\/2016\/02\/Reconnaissance-300x180.jpg\" alt=\"Reconnaissance de la qualit\u00e9 de mon travail\" width=\"300\" height=\"180\" srcset=\"https:\/\/cftc-atosworldline.fr\/wp\/wp-content\/uploads\/2016\/02\/Reconnaissance-300x180.jpg 300w, https:\/\/cftc-atosworldline.fr\/wp\/wp-content\/uploads\/2016\/02\/Reconnaissance-768x460.jpg 768w, https:\/\/cftc-atosworldline.fr\/wp\/wp-content\/uploads\/2016\/02\/Reconnaissance-635x380.jpg 635w, https:\/\/cftc-atosworldline.fr\/wp\/wp-content\/uploads\/2016\/02\/Reconnaissance-336x200.jpg 336w, https:\/\/cftc-atosworldline.fr\/wp\/wp-content\/uploads\/2016\/02\/Reconnaissance-671x400.jpg 671w, https:\/\/cftc-atosworldline.fr\/wp\/wp-content\/uploads\/2016\/02\/Reconnaissance-668x400.jpg 668w, https:\/\/cftc-atosworldline.fr\/wp\/wp-content\/uploads\/2016\/02\/Reconnaissance.jpg 818w\" sizes=\"auto, (max-width: 300px) 100vw, 300px\" \/><\/a><figcaption id=\"caption-attachment-671\" class=\"wp-caption-text\">Reconnaissance de la qualit\u00e9 de mon travail<\/figcaption><\/figure>\n<figure id=\"attachment_670\" aria-describedby=\"caption-attachment-670\" style=\"width: 300px\" class=\"wp-caption aligncenter\"><a href=\"https:\/\/cftc-atosworldline.fr\/wp\/wp-content\/uploads\/2016\/02\/Manager.jpg\" rel=\"attachment wp-att-670\"><img loading=\"lazy\" decoding=\"async\" class=\"size-medium wp-image-670\" src=\"https:\/\/cftc-atosworldline.fr\/wp\/wp-content\/uploads\/2016\/02\/Manager-300x181.jpg\" alt=\"Les relations avec le manager de proximit\u00e9\" width=\"300\" height=\"181\" srcset=\"https:\/\/cftc-atosworldline.fr\/wp\/wp-content\/uploads\/2016\/02\/Manager-300x181.jpg 300w, https:\/\/cftc-atosworldline.fr\/wp\/wp-content\/uploads\/2016\/02\/Manager-768x463.jpg 768w, https:\/\/cftc-atosworldline.fr\/wp\/wp-content\/uploads\/2016\/02\/Manager-635x380.jpg 635w, https:\/\/cftc-atosworldline.fr\/wp\/wp-content\/uploads\/2016\/02\/Manager-663x400.jpg 663w, https:\/\/cftc-atosworldline.fr\/wp\/wp-content\/uploads\/2016\/02\/Manager.jpg 817w\" sizes=\"auto, (max-width: 300px) 100vw, 300px\" \/><\/a><figcaption id=\"caption-attachment-670\" class=\"wp-caption-text\">Les relations avec le manager de proximit\u00e9<\/figcaption><\/figure>\n<figure id=\"attachment_669\" aria-describedby=\"caption-attachment-669\" style=\"width: 300px\" class=\"wp-caption aligncenter\"><a href=\"https:\/\/cftc-atosworldline.fr\/wp\/wp-content\/uploads\/2016\/02\/Mon-\u00e9quipe.jpg\" rel=\"attachment wp-att-669\"><img loading=\"lazy\" decoding=\"async\" class=\"size-medium wp-image-669\" src=\"https:\/\/cftc-atosworldline.fr\/wp\/wp-content\/uploads\/2016\/02\/Mon-\u00e9quipe-300x181.jpg\" alt=\"Les relations au sein de mon \u00e9quipe\" width=\"300\" height=\"181\" srcset=\"https:\/\/cftc-atosworldline.fr\/wp\/wp-content\/uploads\/2016\/02\/Mon-\u00e9quipe-300x181.jpg 300w, https:\/\/cftc-atosworldline.fr\/wp\/wp-content\/uploads\/2016\/02\/Mon-\u00e9quipe-768x463.jpg 768w, https:\/\/cftc-atosworldline.fr\/wp\/wp-content\/uploads\/2016\/02\/Mon-\u00e9quipe-635x380.jpg 635w, https:\/\/cftc-atosworldline.fr\/wp\/wp-content\/uploads\/2016\/02\/Mon-\u00e9quipe-663x400.jpg 663w, https:\/\/cftc-atosworldline.fr\/wp\/wp-content\/uploads\/2016\/02\/Mon-\u00e9quipe.jpg 816w\" sizes=\"auto, (max-width: 300px) 100vw, 300px\" \/><\/a><figcaption id=\"caption-attachment-669\" class=\"wp-caption-text\">Les relations au sein de mon \u00e9quipe<\/figcaption><\/figure>\n<figure id=\"attachment_668\" aria-describedby=\"caption-attachment-668\" style=\"width: 300px\" class=\"wp-caption aligncenter\"><a href=\"https:\/\/cftc-atosworldline.fr\/wp\/wp-content\/uploads\/2016\/02\/Autre-\u00e9quipe.jpg\" rel=\"attachment wp-att-668\"><img loading=\"lazy\" decoding=\"async\" class=\"size-medium wp-image-668\" src=\"https:\/\/cftc-atosworldline.fr\/wp\/wp-content\/uploads\/2016\/02\/Autre-\u00e9quipe-300x180.jpg\" alt=\"Les relations avec les autre \u00e9quipe\" width=\"300\" height=\"180\" srcset=\"https:\/\/cftc-atosworldline.fr\/wp\/wp-content\/uploads\/2016\/02\/Autre-\u00e9quipe-300x180.jpg 300w, https:\/\/cftc-atosworldline.fr\/wp\/wp-content\/uploads\/2016\/02\/Autre-\u00e9quipe-768x461.jpg 768w, https:\/\/cftc-atosworldline.fr\/wp\/wp-content\/uploads\/2016\/02\/Autre-\u00e9quipe-635x380.jpg 635w, https:\/\/cftc-atosworldline.fr\/wp\/wp-content\/uploads\/2016\/02\/Autre-\u00e9quipe-336x200.jpg 336w, https:\/\/cftc-atosworldline.fr\/wp\/wp-content\/uploads\/2016\/02\/Autre-\u00e9quipe-671x400.jpg 671w, https:\/\/cftc-atosworldline.fr\/wp\/wp-content\/uploads\/2016\/02\/Autre-\u00e9quipe-667x400.jpg 667w, https:\/\/cftc-atosworldline.fr\/wp\/wp-content\/uploads\/2016\/02\/Autre-\u00e9quipe.jpg 817w\" sizes=\"auto, (max-width: 300px) 100vw, 300px\" \/><\/a><figcaption id=\"caption-attachment-668\" class=\"wp-caption-text\">Les relations avec les autre \u00e9quipe<\/figcaption><\/figure>\n<p>Merci encore \u00e0 tous ceux ayant r\u00e9pondu \u00e0 notre enqu\u00eate. Vos r\u00e9ponses nous permettent d&#8217;affiner notre compr\u00e9hensions des r\u00e9alit\u00e9s de nos m\u00e9tiers. Ces lumi\u00e8res sur la diversit\u00e9s de nos exp\u00e9riences sont indispensables pour construire nos revendications et participer \u00e0 la construction d&#8217;un devenir meilleur pour notre entreprise.<\/p>\n<p>L&#8217;analyse des r\u00e9ponses libres de l&#8217;enqu\u00eate n\u00e9cessite plus de temps. Nous tenterons de vous proposer une analyse prochainement. N&#8217;h\u00e9sitez pas \u00e0 vous rapprocher de nous si vous souhaitez avec des informations compl\u00e9mentaires sur les r\u00e9sultats.<\/p>\n<p>Amicalement<br \/>\nToute l&#8217;\u00e9quipe de la CFTC<\/p>\n","protected":false},"excerpt":{"rendered":"<p>Tout d\u2019abord nous aimerions remercier la centaine de personne ayant pris du temps pour r\u00e9pondre \u00e0 notre questionnaire. Merci beaucoup \u00e0 vous tous\u00a0! Vos r\u00e9ponses sont d\u00e9taill\u00e9es et pr\u00e9cises, elles nous permettent d\u2019affiner notre compr\u00e9hension de vos difficult\u00e9s, de vos attentes et des atouts de Worldline.<\/p>\n","protected":false},"author":1,"featured_media":681,"comment_status":"open","ping_status":"open","sticky":false,"template":"","format":"standard","meta":{"_crdt_document":"","rop_custom_images_group":[],"rop_custom_messages_group":[],"rop_publish_now":"initial","rop_publish_now_accounts":[],"rop_publish_now_history":[],"rop_publish_now_status":"pending","footnotes":""},"categories":[1],"tags":[47,82,58,108,105,103],"class_list":["post-666","post","type-post","status-publish","format-standard","has-post-thumbnail","hentry","category-uncategorized","tag-cftc","tag-enquete","tag-important","tag-metier","tag-qvt","tag-well-being"],"_links":{"self":[{"href":"https:\/\/cftc-atosworldline.fr\/wp\/wp-json\/wp\/v2\/posts\/666","targetHints":{"allow":["GET"]}}],"collection":[{"href":"https:\/\/cftc-atosworldline.fr\/wp\/wp-json\/wp\/v2\/posts"}],"about":[{"href":"https:\/\/cftc-atosworldline.fr\/wp\/wp-json\/wp\/v2\/types\/post"}],"author":[{"embeddable":true,"href":"https:\/\/cftc-atosworldline.fr\/wp\/wp-json\/wp\/v2\/users\/1"}],"replies":[{"embeddable":true,"href":"https:\/\/cftc-atosworldline.fr\/wp\/wp-json\/wp\/v2\/comments?post=666"}],"version-history":[{"count":7,"href":"https:\/\/cftc-atosworldline.fr\/wp\/wp-json\/wp\/v2\/posts\/666\/revisions"}],"predecessor-version":[{"id":684,"href":"https:\/\/cftc-atosworldline.fr\/wp\/wp-json\/wp\/v2\/posts\/666\/revisions\/684"}],"wp:featuredmedia":[{"embeddable":true,"href":"https:\/\/cftc-atosworldline.fr\/wp\/wp-json\/wp\/v2\/media\/681"}],"wp:attachment":[{"href":"https:\/\/cftc-atosworldline.fr\/wp\/wp-json\/wp\/v2\/media?parent=666"}],"wp:term":[{"taxonomy":"category","embeddable":true,"href":"https:\/\/cftc-atosworldline.fr\/wp\/wp-json\/wp\/v2\/categories?post=666"},{"taxonomy":"post_tag","embeddable":true,"href":"https:\/\/cftc-atosworldline.fr\/wp\/wp-json\/wp\/v2\/tags?post=666"}],"curies":[{"name":"wp","href":"https:\/\/api.w.org\/{rel}","templated":true}]}}