{"id":5819,"date":"2022-11-08T16:02:09","date_gmt":"2022-11-08T16:02:09","guid":{"rendered":"https:\/\/cftc-atosworldline.fr\/wp\/?p=5819"},"modified":"2022-11-08T16:58:25","modified_gmt":"2022-11-08T16:58:25","slug":"nicolas-ladeyn-candidat-representant-de-proximite-a-seclin","status":"publish","type":"post","link":"https:\/\/cftc-atosworldline.fr\/wp\/blog\/2022\/11\/08\/nicolas-ladeyn-candidat-representant-de-proximite-a-seclin\/","title":{"rendered":"Nicolas LADEYN, candidat Repr\u00e9sentant de Proximit\u00e9 \u00e0 Seclin"},"content":{"rendered":"\n<p class=\"wp-block-paragraph\"><strong>Qui es-tu&nbsp;?<\/strong><\/p>\n\n\n\n<p class=\"wp-block-paragraph\">Nicolas, papa de 3 enfants, j\u2019ai int\u00e9gr\u00e9 Worldline en 2009 pour mon stage de Master 1. L\u2019exp\u00e9rience \u00e9tant plaisante, j\u2019ai pu terminer mon cursus en travaillant sur la messagerie Orange en alternance. L\u2019\u00e9quipe m\u2019a offert l\u2019opportunit\u00e9 de poursuivre et j\u2019ai ainsi pu continuer \u00e0 d\u00e9couvrir le monde de la messagerie. Je suis maintenant chef de projet pour l\u2019offre Worldline Mail &amp; Drive. Je suis par ailleurs investi dans plusieurs associations, dont une association de parents d\u2019\u00e9l\u00e8ves que j\u2019ai cr\u00e9\u00e9e l\u2019ann\u00e9e derni\u00e8re afin de dynamiser l\u2019\u00e9cole o\u00f9 sont scolaris\u00e9es mes filles avec la volont\u00e9 d\u2019embarquer parents, \u00e9l\u00e8ves et enseignants dans un projet commun.<\/p>\n\n\n\n<p class=\"wp-block-paragraph\"><\/p>\n\n\n\n<h3 class=\"wp-block-heading\">Pourquoi souhaites tu devenir repr\u00e9sentant du personnel ?<\/h3>\n\n\n\n<p class=\"wp-block-paragraph\">Au fil des ann\u00e9es pass\u00e9es chez Worldline, j\u2019ai \u00e9t\u00e9 souvent spectateur des changements et c\u2019est en c\u00f4toyant des membres \u00e9lus du CSE que j\u2019ai pu mesurer l\u2019int\u00e9r\u00eat d\u2019\u00eatre plus investi pour les collaborateurs. Toujours \u00e0 l\u2019\u00e9coute, je souhaite \u00eatre le relai des informations collect\u00e9es sur le terrain et ainsi nous repr\u00e9senter pour d\u00e9fendre nos int\u00e9r\u00eats.<\/p>\n\n\n\n<p class=\"wp-block-paragraph\">Je souhaite avoir un impact positif sur nos conditions de travail en \u00e9tant force de proposition. et aider \u00e0 revisiter le climat de l\u2019entreprise, qui joue un r\u00f4le majeur sur notre efficacit\u00e9 collective.<\/p>\n\n\n\n<p class=\"wp-block-paragraph\"><\/p>\n\n\n\n<p class=\"wp-block-paragraph\"><strong>Dans quoi souhaiterais tu t\u2019impliquer si tu \u00e9tais \u00e9lu <strong>au CSE<\/strong> ou <strong>d\u00e9sign\u00e9<\/strong> RP  ?<\/strong><\/p>\n\n\n\n<p class=\"wp-block-paragraph\">Je souhaite devenir repr\u00e9sentant de proximit\u00e9 \u00e0 Seclin, ce vaste site qui m\u2019a chaleureusement accueilli et accompagn\u00e9 depuis plus de 10ans. J\u2019esp\u00e8re ainsi investir mon \u00e9nergie pour les salari\u00e9s et contribuer \u00e0 mon tour en tant qu\u2019interface entre les collaborateurs, le CSE et la direction, notamment sur les questions de sant\u00e9, s\u00e9curit\u00e9 et bien s\u00fbr les conditions de travail.<\/p>\n\n\n\n<p class=\"wp-block-paragraph\"><\/p>\n\n\n\n<p class=\"wp-block-paragraph\">Merci Nicolas pour tes r\u00e9ponses de qualit\u00e9 !<\/p>\n","protected":false},"excerpt":{"rendered":"<p>Qui es-tu&nbsp;? Nicolas, papa de 3 enfants, j\u2019ai int\u00e9gr\u00e9 Worldline en 2009 pour mon stage de Master 1. L\u2019exp\u00e9rience \u00e9tant plaisante, j\u2019ai pu terminer mon cursus en travaillant sur la messagerie Orange en alternance. L\u2019\u00e9quipe m\u2019a offert l\u2019opportunit\u00e9 de poursuivre et j\u2019ai ainsi pu continuer \u00e0 d\u00e9couvrir le monde de la messagerie. Je suis maintenant [&hellip;]<\/p>\n","protected":false},"author":1,"featured_media":5821,"comment_status":"open","ping_status":"closed","sticky":false,"template":"","format":"standard","meta":{"_crdt_document":"","rop_custom_images_group":[],"rop_custom_messages_group":[],"rop_publish_now":"initial","rop_publish_now_accounts":[],"rop_publish_now_history":[],"rop_publish_now_status":"pending","footnotes":""},"categories":[347],"tags":[427,46,418],"class_list":["post-5819","post","type-post","status-publish","format-standard","has-post-thumbnail","hentry","category-election-cse","tag-candidat2022","tag-election","tag-representants-du-personnel"],"_links":{"self":[{"href":"https:\/\/cftc-atosworldline.fr\/wp\/wp-json\/wp\/v2\/posts\/5819","targetHints":{"allow":["GET"]}}],"collection":[{"href":"https:\/\/cftc-atosworldline.fr\/wp\/wp-json\/wp\/v2\/posts"}],"about":[{"href":"https:\/\/cftc-atosworldline.fr\/wp\/wp-json\/wp\/v2\/types\/post"}],"author":[{"embeddable":true,"href":"https:\/\/cftc-atosworldline.fr\/wp\/wp-json\/wp\/v2\/users\/1"}],"replies":[{"embeddable":true,"href":"https:\/\/cftc-atosworldline.fr\/wp\/wp-json\/wp\/v2\/comments?post=5819"}],"version-history":[{"count":2,"href":"https:\/\/cftc-atosworldline.fr\/wp\/wp-json\/wp\/v2\/posts\/5819\/revisions"}],"predecessor-version":[{"id":5832,"href":"https:\/\/cftc-atosworldline.fr\/wp\/wp-json\/wp\/v2\/posts\/5819\/revisions\/5832"}],"wp:featuredmedia":[{"embeddable":true,"href":"https:\/\/cftc-atosworldline.fr\/wp\/wp-json\/wp\/v2\/media\/5821"}],"wp:attachment":[{"href":"https:\/\/cftc-atosworldline.fr\/wp\/wp-json\/wp\/v2\/media?parent=5819"}],"wp:term":[{"taxonomy":"category","embeddable":true,"href":"https:\/\/cftc-atosworldline.fr\/wp\/wp-json\/wp\/v2\/categories?post=5819"},{"taxonomy":"post_tag","embeddable":true,"href":"https:\/\/cftc-atosworldline.fr\/wp\/wp-json\/wp\/v2\/tags?post=5819"}],"curies":[{"name":"wp","href":"https:\/\/api.w.org\/{rel}","templated":true}]}}