{"id":5755,"date":"2022-10-27T16:12:30","date_gmt":"2022-10-27T16:12:30","guid":{"rendered":"https:\/\/cftc-atosworldline.fr\/wp\/?p=5755"},"modified":"2022-10-27T16:34:23","modified_gmt":"2022-10-27T16:34:23","slug":"laure-rolin-le-dieu-de-ville-candidate-titulaire","status":"publish","type":"post","link":"https:\/\/cftc-atosworldline.fr\/wp\/blog\/2022\/10\/27\/laure-rolin-le-dieu-de-ville-candidate-titulaire\/","title":{"rendered":"Laure Rolin Le Dieu De Ville &#8211; Candidate titulaire"},"content":{"rendered":"\n<p class=\"wp-block-paragraph\">Toute cette semaine et jusqu&#8217;aux \u00e9lections professionnelles, nous vous invitons \u00e0 d\u00e9couvrir l&#8217;ensemble des candidats CFTC aux \u00e9lections du Comit\u00e9 Social et \u00c9conomique de Worldline. Quelques questions, afin de mieux connaitre les candidats : leurs parcours, leurs motivations et leurs envies. <\/p>\n\n\n\n<p class=\"wp-block-paragraph\">L&#8217;\u00e9quipe CFTC ce sont des candidats qui vous ressemblent et des \u00e9lus qui nous rassembleront !<\/p>\n\n\n\n<p class=\"wp-block-paragraph\">Aujourd&#8217;hui c&#8217;est Laure qui se pr\u00eate au jeu des questions r\u00e9ponses \ud83d\ude42<\/p>\n\n\n\n<h3 class=\"wp-block-heading\"><strong>Qui es-tu&nbsp;?<\/strong><\/h3>\n\n\n\n<p class=\"wp-block-paragraph\"><em>Apr\u00e8s sept ann\u00e9es pass\u00e9es dans une premi\u00e8re entreprise, et tout autant dans une deuxi\u00e8me, j&#8217;ai rejoint Worldline depuis un an maintenant.<\/em><\/p>\n\n\n\n<p class=\"wp-block-paragraph\"><em>En arrivant chef de projet dans les \u00e9quipes digital banking, j&#8217;ai d\u00fb laisser derri\u00e8re moi mes premi\u00e8res amours (Cobol et pacbase, si si, \u00e7a existe encore!) sur lesquels j&#8217;avais pu travailler toute ma carri\u00e8re avant Worldline, pour rejoindre l&#8217;univers contemporain de l&#8217;int\u00e9gration continue.<\/em><\/p>\n\n\n\n<h3 class=\"wp-block-heading\">Pourquoi souhaites tu devenir repr\u00e9sentant du personnel ?<\/h3>\n\n\n\n<p class=\"wp-block-paragraph\"><em>Dans mon entreprise pr\u00e9c\u00e9dente, des membres du CE que je connaissais \u00e0 l&#8217;\u00e9poque m&#8217;avaient propos\u00e9 de rejoindre l&#8217;\u00e9quipe pour \u00ab organiser des voyages \u00bb. J\u2019aime beaucoup essayer de nouvelles choses, faire plein d\u2019activit\u00e9s diff\u00e9rentes, et organiser de mani\u00e8re g\u00e9n\u00e9rale, donc je les ai rejoints. J\u2019y ai pass\u00e9 presque 3 ans au cours desquels je n\u2019ai pas organis\u00e9 un seul voyage\u2026 mais j\u2019y ai d\u00e9couvert une autre mani\u00e8re de participer \u00e0 la vie de l\u2019entreprise, beaucoup de sujets \u00e0 porter et faire vivre.<\/em><\/p>\n\n\n\n<p class=\"wp-block-paragraph\"><em>Ce positionnement m\u2019a permis de d\u00e9couvrir de nouvelles activit\u00e9s sortant du monde purement informatique, de rencontrer de nombreuses personnes, et il m\u2019a aussi permis d\u2019avoir un r\u00f4le un peu diff\u00e9rent aupr\u00e8s de mes coll\u00e8gues, qui ont su faire appel \u00e0 moi en cas de besoin et que j\u2019ai pu aider efficacement en m\u2019appuyant sur le reste de l\u2019\u00e9quipe du CSE.<\/em><\/p>\n\n\n\n<p class=\"wp-block-paragraph\"><em>J\u2019ai trouv\u00e9 cette exp\u00e9rience tr\u00e8s enrichissante, et ayant fait un peu connaissance avec les membres de l\u2019\u00e9quipe de Lyon et constat\u00e9 leur implication au vu de tous les projets d\u00e9j\u00e0 en place ici, je souhaite tenter une nouvelle aventure en rejoignant les rangs du CSE de Worldline.<\/em><\/p>\n\n\n\n<h3 class=\"wp-block-heading\">Dans quoi souhaiterais tu t\u2019impliquer si tu \u00e9tais \u00e9lue au CSE ?<\/h3>\n\n\n\n<p class=\"wp-block-paragraph\"><em>Sant\u00e9, s\u00e9curit\u00e9, juridique, social et culturel, \u00e9conomique, etc. <\/em><br><em>Le domaine qui m\u2019int\u00e9resse le plus, c\u2019est le social et culturel, tant au niveau bien \u00eatre du salari\u00e9 dans l\u2019entreprise que par l\u2019organisation d\u2019\u00e9v\u00e8nements. Je laisse n\u00e9anmoins la porte ouverte aux autres domaines, car j\u2019appr\u00e9cie toujours de d\u00e9couvrir de nouvelles choses, et nous savons tous que nos pas ne nous m\u00e8nent pas toujours \u00e0 l\u2019endroit pr\u00e9vu.<\/em><\/p>\n\n\n\n<p class=\"wp-block-paragraph\"><\/p>\n\n\n\n<p class=\"wp-block-paragraph\">Merci Laure pour la qualit\u00e9 de ces r\u00e9ponses<\/p>\n\n\n\n<p class=\"wp-block-paragraph\">Toute l\u2019\u00e9quipe CFTC<\/p>\n\n\n\n<p class=\"wp-block-paragraph\"><\/p>\n","protected":false},"excerpt":{"rendered":"<p>Le domaine qui m\u2019int\u00e9resse le plus, c\u2019est le social et culturel, tant au niveau bien \u00eatre du salari\u00e9 dans l\u2019entreprise que par l\u2019organisation d\u2019\u00e9v\u00e8nements. Je laisse n\u00e9anmoins la porte ouverte aux autres domaines, car j\u2019appr\u00e9cie toujours de d\u00e9couvrir de nouvelles choses, et nous savons tous que nos pas ne nous m\u00e8nent pas toujours \u00e0 l\u2019endroit pr\u00e9vu.<\/p>\n","protected":false},"author":1,"featured_media":5756,"comment_status":"open","ping_status":"closed","sticky":false,"template":"","format":"standard","meta":{"_crdt_document":"","rop_custom_images_group":[],"rop_custom_messages_group":[],"rop_publish_now":"initial","rop_publish_now_accounts":[],"rop_publish_now_history":[],"rop_publish_now_status":"pending","footnotes":""},"categories":[347],"tags":[427,280,46,213],"class_list":["post-5755","post","type-post","status-publish","format-standard","has-post-thumbnail","hentry","category-election-cse","tag-candidat2022","tag-cse","tag-election","tag-slider"],"_links":{"self":[{"href":"https:\/\/cftc-atosworldline.fr\/wp\/wp-json\/wp\/v2\/posts\/5755","targetHints":{"allow":["GET"]}}],"collection":[{"href":"https:\/\/cftc-atosworldline.fr\/wp\/wp-json\/wp\/v2\/posts"}],"about":[{"href":"https:\/\/cftc-atosworldline.fr\/wp\/wp-json\/wp\/v2\/types\/post"}],"author":[{"embeddable":true,"href":"https:\/\/cftc-atosworldline.fr\/wp\/wp-json\/wp\/v2\/users\/1"}],"replies":[{"embeddable":true,"href":"https:\/\/cftc-atosworldline.fr\/wp\/wp-json\/wp\/v2\/comments?post=5755"}],"version-history":[{"count":2,"href":"https:\/\/cftc-atosworldline.fr\/wp\/wp-json\/wp\/v2\/posts\/5755\/revisions"}],"predecessor-version":[{"id":5764,"href":"https:\/\/cftc-atosworldline.fr\/wp\/wp-json\/wp\/v2\/posts\/5755\/revisions\/5764"}],"wp:featuredmedia":[{"embeddable":true,"href":"https:\/\/cftc-atosworldline.fr\/wp\/wp-json\/wp\/v2\/media\/5756"}],"wp:attachment":[{"href":"https:\/\/cftc-atosworldline.fr\/wp\/wp-json\/wp\/v2\/media?parent=5755"}],"wp:term":[{"taxonomy":"category","embeddable":true,"href":"https:\/\/cftc-atosworldline.fr\/wp\/wp-json\/wp\/v2\/categories?post=5755"},{"taxonomy":"post_tag","embeddable":true,"href":"https:\/\/cftc-atosworldline.fr\/wp\/wp-json\/wp\/v2\/tags?post=5755"}],"curies":[{"name":"wp","href":"https:\/\/api.w.org\/{rel}","templated":true}]}}