{"id":5698,"date":"2022-10-19T12:51:56","date_gmt":"2022-10-19T12:51:56","guid":{"rendered":"https:\/\/cftc-atosworldline.fr\/wp\/?p=5698"},"modified":"2022-10-27T16:35:10","modified_gmt":"2022-10-27T16:35:10","slug":"renouvellement-des-membres-du-comite-social-et-economique-de-worldline","status":"publish","type":"post","link":"https:\/\/cftc-atosworldline.fr\/wp\/blog\/2022\/10\/19\/renouvellement-des-membres-du-comite-social-et-economique-de-worldline\/","title":{"rendered":"Liste des candidat\u00b7e\u00b7s CFTC au CSE"},"content":{"rendered":"\n<p class=\"wp-block-paragraph\">Du <strong>8 au 15 novembre 2022<\/strong> auront lieu les <strong>\u00e9lections du Comit\u00e9 Social et \u00c9conomique<\/strong> de Worldline, \u00e0 distance.<\/p>\n\n\n\n<p class=\"wp-block-paragraph\"><\/p>\n\n\n\n<p class=\"wp-block-paragraph\"><\/p>\n\n\n\n<figure class=\"wp-block-image size-large\"><a href=\"https:\/\/cftc-atosworldline.fr\/wp\/wp-content\/uploads\/2022\/10\/image-1.png\"><img loading=\"lazy\" decoding=\"async\" width=\"960\" height=\"765\" src=\"https:\/\/cftc-atosworldline.fr\/wp\/wp-content\/uploads\/2022\/10\/image-1-960x765.png\" alt=\"\" class=\"wp-image-5702\" srcset=\"https:\/\/cftc-atosworldline.fr\/wp\/wp-content\/uploads\/2022\/10\/image-1-960x765.png 960w, https:\/\/cftc-atosworldline.fr\/wp\/wp-content\/uploads\/2022\/10\/image-1-320x255.png 320w, https:\/\/cftc-atosworldline.fr\/wp\/wp-content\/uploads\/2022\/10\/image-1-768x612.png 768w, https:\/\/cftc-atosworldline.fr\/wp\/wp-content\/uploads\/2022\/10\/image-1-690x550.png 690w, https:\/\/cftc-atosworldline.fr\/wp\/wp-content\/uploads\/2022\/10\/image-1-374x298.png 374w, https:\/\/cftc-atosworldline.fr\/wp\/wp-content\/uploads\/2022\/10\/image-1-502x400.png 502w, https:\/\/cftc-atosworldline.fr\/wp\/wp-content\/uploads\/2022\/10\/image-1.png 1097w\" sizes=\"auto, (max-width: 960px) 100vw, 960px\" \/><\/a><\/figure>\n\n\n\n<p class=\"wp-block-paragraph\"> <\/p>\n\n\n\n<p class=\"wp-block-paragraph\">Notre syndicat a r\u00e9ussi \u00e0 r\u00e9unir d&#8217;excellents \u00e9l\u00e9ments aux profils divers et vari\u00e9s.<\/p>\n\n\n\n<p class=\"wp-block-paragraph\"><\/p>\n\n\n\n<p class=\"wp-block-paragraph\">Et, pour la premi\u00e8re fois de l&#8217;histoire, nous sommes en mesure de pr\u00e9senter une liste pour les cadres ainsi qu&#8217;une liste pour les ETAM !<\/p>\n\n\n\n<p class=\"wp-block-paragraph\"><\/p>\n\n\n\n<figure class=\"wp-block-table\"><table><tbody><tr><td><strong>COLLEGE CADRES, TITULAIRES<\/strong><\/td><td><\/td><td><\/td><\/tr><tr><td>NOM<\/td><td>Pr\u00e9nom<\/td><td>Etablissement&nbsp;<\/td><\/tr><tr><td>DANTEN<\/td><td>VINCENT<\/td><td>VILLEURBANNE<\/td><\/tr><tr><td>LE PAR<\/td><td>ELEN<\/td><td>VILLEURBANNE<\/td><\/tr><tr><td>ROYER<\/td><td>MAXENCE<\/td><td>VILLEURBANNE<\/td><\/tr><tr><td>ROLIN LE DIEU DE VILLE<\/td><td>LAURE<\/td><td>VILLEURBANNE<\/td><\/tr><tr><td>MICHEL<\/td><td>MICHEL HUGUES<\/td><td>PUTEAUX<\/td><\/tr><tr><td>CORDIER<\/td><td>CAMILLE<\/td><td>VILLEURBANNE<\/td><\/tr><tr><td>GRICOURT<\/td><td>ANTOINE<\/td><td>SECLIN<\/td><\/tr><tr><td>JAME<\/td><td>HELENE<\/td><td>VILLEURBANNE<\/td><\/tr><tr><td>PERROT<\/td><td>JULIEN<\/td><td>VILLEURBANNE<\/td><\/tr><tr><td>PIRAUD<\/td><td>BENJAMIN<\/td><td>VILLEURBANNE<\/td><\/tr><tr><td>DEPARIS<\/td><td>RODOLPHE<\/td><td>SECLIN<\/td><\/tr><tr><td>ANDERT<\/td><td>SEBASTIEN<\/td><td>BLOIS<\/td><\/tr><tr><td>LADEYN<\/td><td>NICOLAS<\/td><td>SECLIN<\/td><\/tr><tr><td>DOLET<\/td><td>NICOLAS<\/td><td>SECLIN<\/td><\/tr><tr><td>JOLLY<\/td><td>ALEX<\/td><td>BLOIS<\/td><\/tr><tr><td>MILLET NAAS<\/td><td>FLORIAN<\/td><td>VILLEURBANNE<\/td><\/tr><tr><td>ANDRIEU<\/td><td>ETIENNE<\/td><td>VILLEURBANNE<\/td><\/tr><tr><td>PHILIPPE<\/td><td>BRUCE<\/td><td>VILLEURBANNE<\/td><\/tr><tr><td>FRANZETTI<\/td><td>REMI<\/td><td>VILLEURBANNE<\/td><\/tr><\/tbody><\/table><\/figure>\n\n\n\n<figure class=\"wp-block-table\"><table><tbody><tr><td><strong>COLLEGE CADRES, SUPPLEANTS<\/strong><\/td><td><\/td><td><\/td><\/tr><tr><td>NOM<\/td><td>Pr\u00e9nom<\/td><td>Etablissement&nbsp;<\/td><\/tr><tr><td>SADIEZ<\/td><td>BRUNO<\/td><td>BLOIS<\/td><\/tr><tr><td>JAME<\/td><td>HELENE<\/td><td>VILLEURBANNE<\/td><\/tr><tr><td>PERROT<\/td><td>JULIEN<\/td><td>VILLEURBANNE<\/td><\/tr><tr><td>CORDIER<\/td><td>CAMILLE<\/td><td>VILLEURBANNE<\/td><\/tr><tr><td>THEUERLACHER<\/td><td>VIRGILE<\/td><td>VILLEURBANNE<\/td><\/tr><tr><td>MARCHAND<\/td><td>LAURA<\/td><td>VILLEURBANNE<\/td><\/tr><tr><td>GRICOURT<\/td><td>ANTOINE<\/td><td>SECLIN<\/td><\/tr><tr><td>ROLIN LE DIEU DE VILLE<\/td><td>LAURE<\/td><td>VILLEURBANNE<\/td><\/tr><tr><td>BRASSEUR<\/td><td>VALERY<\/td><td>SECLIN<\/td><\/tr><tr><td>LE PAR<\/td><td>ELEN<\/td><td>VILLEURBANNE<\/td><\/tr><tr><td>SOARES<\/td><td>DANIEL<\/td><td>VILLEURBANNE<\/td><\/tr><tr><td>DEPARIS<\/td><td>RODOLPHE<\/td><td>SECLIN<\/td><\/tr><tr><td>MILLET NAAS<\/td><td>FLORIAN<\/td><td>VILLEURBANNE<\/td><\/tr><tr><td>ANDERT<\/td><td>SEBASTIEN<\/td><td>BLOIS<\/td><\/tr><tr><td>JOLLY<\/td><td>ALEX<\/td><td>BLOIS<\/td><\/tr><tr><td>DOLET<\/td><td>NICOLAS<\/td><td>SECLIN<\/td><\/tr><tr><td>FRANZETTI<\/td><td>REMI<\/td><td>VILLEURBANNE<\/td><\/tr><tr><td>LADEYN<\/td><td>NICOLAS<\/td><td>SECLIN<\/td><\/tr><tr><td>PHILIPPE<\/td><td>BRUCE<\/td><td>VILLEURBANNE<\/td><\/tr><tr><td>TOURBIER<\/td><td>PATRICK<\/td><td>VILLEURBANNE<\/td><\/tr><tr><td>LOPEZ<\/td><td>SIMON<\/td><td>VILLEURBANNE<\/td><\/tr><tr><td>VENET<\/td><td>LIONEL<\/td><td>VILLEURBANNE<\/td><\/tr><tr><td>ODEYER<\/td><td>YANN<\/td><td>VILLEURBANNE<\/td><\/tr><\/tbody><\/table><\/figure>\n\n\n\n<figure class=\"wp-block-table\"><table><tbody><tr><td><strong>COLLEGE EMPLOYES TECHNICIENS AGENTS DE MAITRISE, SUPPLEANTS<\/strong><\/td><\/tr><tr><td>NOM<\/td><td>Pr\u00e9nom<\/td><td>Etablissement&nbsp;<\/td><\/tr><tr><td>LECUIR<\/td><td>OLIVIER<\/td><td>VEND\u00d4ME<\/td><\/tr><tr><td>ANDRI<\/td><td>LUCILE<\/td><td>VILLEURBANNE<\/td><\/tr><\/tbody><\/table><\/figure>\n\n\n\n<p class=\"wp-block-paragraph\"><\/p>\n\n\n\n<p class=\"wp-block-paragraph\"><\/p>\n","protected":false},"excerpt":{"rendered":"<p>Du 8 au 15 novembre 2022 auront lieu les \u00e9lections du Comit\u00e9 Social et \u00c9conomique de Worldline, \u00e0 distance. Notre syndicat a r\u00e9ussi \u00e0 r\u00e9unir d&#8217;excellents \u00e9l\u00e9ments aux profils divers et vari\u00e9s. Et, pour la premi\u00e8re fois de l&#8217;histoire, nous sommes en mesure de pr\u00e9senter une liste pour les cadres ainsi qu&#8217;une liste pour les [&hellip;]<\/p>\n","protected":false},"author":1,"featured_media":5699,"comment_status":"open","ping_status":"closed","sticky":false,"template":"","format":"standard","meta":{"_crdt_document":"","rop_custom_images_group":[],"rop_custom_messages_group":[],"rop_publish_now":"initial","rop_publish_now_accounts":[],"rop_publish_now_history":[],"rop_publish_now_status":"pending","footnotes":""},"categories":[347],"tags":[280,46],"class_list":["post-5698","post","type-post","status-publish","format-standard","has-post-thumbnail","hentry","category-election-cse","tag-cse","tag-election"],"_links":{"self":[{"href":"https:\/\/cftc-atosworldline.fr\/wp\/wp-json\/wp\/v2\/posts\/5698","targetHints":{"allow":["GET"]}}],"collection":[{"href":"https:\/\/cftc-atosworldline.fr\/wp\/wp-json\/wp\/v2\/posts"}],"about":[{"href":"https:\/\/cftc-atosworldline.fr\/wp\/wp-json\/wp\/v2\/types\/post"}],"author":[{"embeddable":true,"href":"https:\/\/cftc-atosworldline.fr\/wp\/wp-json\/wp\/v2\/users\/1"}],"replies":[{"embeddable":true,"href":"https:\/\/cftc-atosworldline.fr\/wp\/wp-json\/wp\/v2\/comments?post=5698"}],"version-history":[{"count":7,"href":"https:\/\/cftc-atosworldline.fr\/wp\/wp-json\/wp\/v2\/posts\/5698\/revisions"}],"predecessor-version":[{"id":5709,"href":"https:\/\/cftc-atosworldline.fr\/wp\/wp-json\/wp\/v2\/posts\/5698\/revisions\/5709"}],"wp:featuredmedia":[{"embeddable":true,"href":"https:\/\/cftc-atosworldline.fr\/wp\/wp-json\/wp\/v2\/media\/5699"}],"wp:attachment":[{"href":"https:\/\/cftc-atosworldline.fr\/wp\/wp-json\/wp\/v2\/media?parent=5698"}],"wp:term":[{"taxonomy":"category","embeddable":true,"href":"https:\/\/cftc-atosworldline.fr\/wp\/wp-json\/wp\/v2\/categories?post=5698"},{"taxonomy":"post_tag","embeddable":true,"href":"https:\/\/cftc-atosworldline.fr\/wp\/wp-json\/wp\/v2\/tags?post=5698"}],"curies":[{"name":"wp","href":"https:\/\/api.w.org\/{rel}","templated":true}]}}