{"id":5421,"date":"2021-11-23T08:43:39","date_gmt":"2021-11-23T08:43:39","guid":{"rendered":"https:\/\/cftc-atosworldline.fr\/wp\/?p=5421"},"modified":"2021-11-23T08:43:39","modified_gmt":"2021-11-23T08:43:39","slug":"ordre-du-jour-cse-novembre-2021","status":"publish","type":"post","link":"https:\/\/cftc-atosworldline.fr\/wp\/blog\/2021\/11\/23\/ordre-du-jour-cse-novembre-2021\/","title":{"rendered":"Ordre du jour CSE novembre 2021"},"content":{"rendered":"<p>[vc_row][vc_column][vc_column_text]Bonjour \u00e0 toutes et \u00e0 tous,<\/p>\n<p>Vous trouverez ci-dessous l&#8217;ordre de la r\u00e9union pl\u00e9ni\u00e8re du CSE qui se d\u00e9roulera mardi 23 novembre 2021.<\/p>\n<p>Vous avez des infos ou des questions sur un sujet, n&#8217;h\u00e9sitez pas \u00e0 nous contacter.<\/p>\n<p>Bien \u00e0 vous !<\/p>\n<p><strong><em>Informations &#8211; Consultations <\/em><\/strong><\/p>\n<ol>\n<li>Suivi de la consultation sur l\u2019int\u00e9gration des valeurs Worldline dans l\u2019\u00e9valuation des performances<\/li>\n<li>Suivi de la consultation sur les orientations strat\u00e9giques<\/li>\n<li>Restitution de l\u2019expertise dans le cadre de la consultations sur le situation \u00e9conomique 2020 de l\u2019entreprise : pr\u00e9sentation de la synth\u00e8se<u><br \/>\n<\/u><\/li>\n<\/ol>\n<p><strong><em>Retours et Avis du CSE<\/em><\/strong><\/p>\n<ol start=\"4\">\n<li>Retour du CSE sur les r\u00e9organisations en cours<\/li>\n<\/ol>\n<p><strong><em>Informations relatives aux conditions de travail<\/em><\/strong><\/p>\n<ol start=\"5\">\n<li>Le CSE demande un retour de la direction sur la situation I-milo<\/li>\n<li>Le CSE demande un suivi des probl\u00e8mes et incidents li\u00e9s \u00e0 la migration DWS\u00a0: nombre d\u2019incidents ouverts et r\u00e9solus et temps de r\u00e9solutions<\/li>\n<li>Le CSE demande un suivi du projet de restauration sur le nouveau site Voltaire<\/li>\n<li>Le CSE demande un point de situation sur le projet de d\u00e9m\u00e9nagement sur le site Voltaire<\/li>\n<li>Le CSE demande \u00e0 conna\u00eetre la date d\u2019arriv\u00e9e de l\u2019infirmi\u00e8re de Seclin (annonc\u00e9 en Novembre 2021)<\/li>\n<li>Le CSE souhaite savoir s\u2019il sera possible d&#8217;\u00e9taler sur plusieurs mois le rattrapage du paiement des frais de restauration du site de Blois ? (Les d\u00e9ductions des frais de restauration de Blois sur les fiches de paie n\u2019ayant pas \u00e9t\u00e9 r\u00e9alis\u00e9s depuis Juin 2021)<\/li>\n<li>Le CSE souhaite savoir si les pots de d\u00e9part peuvent reprendre et si\/quand le rattrapage des pots de d\u00e9parts en retraite pourra avoir lieu<\/li>\n<\/ol>\n<p><strong>\u00a0<\/strong><strong><em>Informations relatives aux r\u00e9organisations et changements en cours <\/em><\/strong><\/p>\n<ol start=\"12\">\n<li>Information du CSE sur la modification de l\u2019organisation commerciale de la RBLA : pr\u00e9sentation du sujet EPI (nouveau protocole Europ\u00e9en des flux intracommunautaires)<\/li>\n<li>Le CSE demande que les RP et CLP puissent participer aux projet d\u2019am\u00e9nagement du nouveau site de Marseille<\/li>\n<li>Le CSE souhaiterait savoir si des embauches et\/ou une cr\u00e9ation de nouvelle entit\u00e9 sont pr\u00e9vu sur le site de Marseille<\/li>\n<li>Information sur le projet de r\u00e9organisation de \u00ab\u00a0Client Management\u00a0\u00bb au sein de l\u2019entit\u00e9 SIPS<\/li>\n<\/ol>\n<p><strong><em>Information relatives au fonctionnement de l\u2019entreprise<\/em><\/strong><\/p>\n<ol start=\"16\">\n<li>Suite aux disfonctionnement de l\u2019outil de r\u00e9servation de transport remont\u00e9 lors de la derni\u00e8re pl\u00e9ni\u00e8re, le CSE souhaite connaitre la date de finalisation du d\u00e9ploiement du service.<\/li>\n<li>Le CSE souhaite savoir quand le service de r\u00e9servation de transport, sans aucune avances du salari\u00e9, sera de nouveau disponible<\/li>\n<\/ol>\n<p><strong><em>Informations relatives \u00e0 l\u2019activit\u00e9 \u00e9conomique de l\u2019entreprise<\/em><\/strong><\/p>\n<ol start=\"18\">\n<li>Actualit\u00e9s \u00e9conomiques UES Worldline<\/li>\n<li>Point sur la situation de l\u2019emploi UES Worldline<\/li>\n<li>Le CSE se demande quel est le montant estim\u00e9 par la direction correspondant \u00e0 l\u2019effort de pose de cong\u00e9 des salari\u00e9s d\u2019ici fin 2021<\/li>\n<\/ol>\n<p><strong><em>Informations relatives \u00e0 la crise du COVID19 et du retour \u00e0 la normale<\/em><\/strong><\/p>\n<ol start=\"21\">\n<li>Point de situation<\/li>\n<\/ol>\n<p><strong>\u00a0<\/strong><strong><em>Information relatives \u00e0 la carri\u00e8re, aux r\u00e9mun\u00e9rations et avantages<\/em><\/strong><\/p>\n<ol start=\"22\">\n<li>Pour faire suite au point de la pl\u00e9ni\u00e8re pr\u00e9c\u00e9dente, concernant la revalorisation des salaires des nouveaux embauch\u00e9s et celui des salari\u00e9s d\u00e9j\u00e0 pr\u00e9sents dans l\u2019entreprise, le CSE demande une information quant \u00e0 la nouvelle grille d\u2019embauche, aux r\u00e8gles de s\u00e9lectivit\u00e9 pour les salari\u00e9s en poste et au calendrier d\u2019application de ces mesures. (report Octobre)<\/li>\n<li>Le CSE souhaiterait savoir s\u2019il sera possible d\u2019acheter des actions via le plan Boost \u00e0 partir du CET\u00a0:<\/li>\n<li>Le CSE souhaite conna\u00eetre le nombre de RTT qu\u2019auront les salari\u00e9s en 2022 <strong><br \/>\n<\/strong><\/li>\n<\/ol>\n<p><strong><em>Information relatives au fonctionnement du CSE <\/em><\/strong><\/p>\n<ol start=\"25\">\n<li>validation finale du calendrier des r\u00e9union pl\u00e9ni\u00e8res 2022<\/li>\n<\/ol>\n<p>[\/vc_column_text][\/vc_column][\/vc_row]<\/p>\n","protected":false},"excerpt":{"rendered":"<p>[vc_row][vc_column][vc_column_text]Bonjour \u00e0 toutes et \u00e0 tous, Vous trouverez ci-dessous l&#8217;ordre de la r\u00e9union pl\u00e9ni\u00e8re du CSE qui se d\u00e9roulera mardi 23 novembre 2021. Vous avez des infos ou des questions sur un sujet, n&#8217;h\u00e9sitez pas \u00e0 nous contacter. Bien \u00e0 vous ! Informations &#8211; Consultations Suivi de la consultation sur l\u2019int\u00e9gration des valeurs Worldline dans [&hellip;]<\/p>\n","protected":false},"author":1,"featured_media":5422,"comment_status":"open","ping_status":"closed","sticky":false,"template":"","format":"standard","meta":{"_crdt_document":"","rop_custom_images_group":[],"rop_custom_messages_group":[],"rop_publish_now":"initial","rop_publish_now_accounts":[],"rop_publish_now_history":[],"rop_publish_now_status":"pending","footnotes":""},"categories":[355],"tags":[280,213],"class_list":["post-5421","post","type-post","status-publish","format-standard","has-post-thumbnail","hentry","category-cse-worldline","tag-cse","tag-slider"],"_links":{"self":[{"href":"https:\/\/cftc-atosworldline.fr\/wp\/wp-json\/wp\/v2\/posts\/5421","targetHints":{"allow":["GET"]}}],"collection":[{"href":"https:\/\/cftc-atosworldline.fr\/wp\/wp-json\/wp\/v2\/posts"}],"about":[{"href":"https:\/\/cftc-atosworldline.fr\/wp\/wp-json\/wp\/v2\/types\/post"}],"author":[{"embeddable":true,"href":"https:\/\/cftc-atosworldline.fr\/wp\/wp-json\/wp\/v2\/users\/1"}],"replies":[{"embeddable":true,"href":"https:\/\/cftc-atosworldline.fr\/wp\/wp-json\/wp\/v2\/comments?post=5421"}],"version-history":[{"count":1,"href":"https:\/\/cftc-atosworldline.fr\/wp\/wp-json\/wp\/v2\/posts\/5421\/revisions"}],"predecessor-version":[{"id":5423,"href":"https:\/\/cftc-atosworldline.fr\/wp\/wp-json\/wp\/v2\/posts\/5421\/revisions\/5423"}],"wp:featuredmedia":[{"embeddable":true,"href":"https:\/\/cftc-atosworldline.fr\/wp\/wp-json\/wp\/v2\/media\/5422"}],"wp:attachment":[{"href":"https:\/\/cftc-atosworldline.fr\/wp\/wp-json\/wp\/v2\/media?parent=5421"}],"wp:term":[{"taxonomy":"category","embeddable":true,"href":"https:\/\/cftc-atosworldline.fr\/wp\/wp-json\/wp\/v2\/categories?post=5421"},{"taxonomy":"post_tag","embeddable":true,"href":"https:\/\/cftc-atosworldline.fr\/wp\/wp-json\/wp\/v2\/tags?post=5421"}],"curies":[{"name":"wp","href":"https:\/\/api.w.org\/{rel}","templated":true}]}}