{"id":4995,"date":"2021-04-15T07:04:40","date_gmt":"2021-04-15T07:04:40","guid":{"rendered":"https:\/\/cftc-atosworldline.fr\/wp\/?p=4995"},"modified":"2021-04-21T06:14:36","modified_gmt":"2021-04-21T06:14:36","slug":"nao-worldline-les-propositions-unitaires-des-organisations-syndicales","status":"publish","type":"post","link":"https:\/\/cftc-atosworldline.fr\/wp\/blog\/2021\/04\/15\/nao-worldline-les-propositions-unitaires-des-organisations-syndicales\/","title":{"rendered":"NAO Worldline : les propositions unitaires des organisations syndicales"},"content":{"rendered":"<p>[vc_row][vc_column][vc_column_text]Bonjour \u00e0 toutes et \u00e0 tous,<\/p>\n<p>Apr\u00e8s une premi\u00e8re r\u00e9union \u00ab\u00a0technique\u00a0\u00bb qui n\u2019aura pas servi \u00e0 grand-chose, les organisations syndicales et la direction se sont \u00e0 nouveau r\u00e9unies le vendredi 2 avril pour \u00e9changer sur la r\u00e9mun\u00e9ration, le temps de travail et le partage de la valeur ajout\u00e9e chez Worldline.<\/p>\n<p>Les organisations ont profit\u00e9 de cette r\u00e9union pour pr\u00e9senter certaines revendications unitaires et quelques petites choses propres \u00e0 chacune.<\/p>\n<p>Nous vous invitons \u00e0 commenter et \u00e0 r\u00e9agir \u00e0 nos propositions. Le contexte actuel n\u2019est pas toujours propice \u00e0 la clairvoyance et au discernement\u00a0: nous \u00e9changeons peu, nos interactions se limitent consid\u00e9rablement, ce pourrait nous amener \u00e0 avancer des revendications tr\u00e8s \u00e9loign\u00e9es de vos attentes.<\/p>\n<p>Merci\u00a0!<\/p>\n<h2>Des revendications unitaires<\/h2>\n<p>Les organisations syndicales repr\u00e9sentatives de Worldline se sont accord\u00e9es sur deux revendications principales au c\u0153ur de cette n\u00e9gociation\u00a0: l\u2019enveloppe d\u2019augmentation individuelle et d\u2019augmentation g\u00e9n\u00e9rale.<\/p>\n<h3>Sur l\u2019enveloppe d\u2019augmentation g\u00e9n\u00e9rale<\/h3>\n<p><strong>80\u20ac<\/strong> d\u2019augmentation pour toutes et tous sur nos 13 mois de r\u00e9mun\u00e9ration, soit une augmentation annuelle de <strong>1040\u20ac<\/strong> pour chacun d\u2019entre nous.<\/p>\n<p>La r\u00e9mun\u00e9ration moyenne de base est d\u2019environ 48K\u20ac chez Worldline, cette enveloppe d\u2019augmentation repr\u00e9senterait une <strong>augmentation g\u00e9n\u00e9rale moyenne d\u2019environ 2%<\/strong>.<\/p>\n<h3>Sur l\u2019enveloppe d\u2019augmentation individuelle<\/h3>\n<p>Une <strong>enveloppe de 5%<\/strong> d\u2019augmentation individuelle.<\/p>\n<p>Dans le cas o\u00f9 cette enveloppe serait distribu\u00e9e en part \u00e9gale \u00e0 l\u2019ensemble de la population, chacun d\u2019entre nous recevrait une augmentation individuelle d\u2019environ <strong>2500\u20ac<\/strong>.<\/p>\n<p>Au total, l\u2019enveloppe d\u2019augmentation s\u2019\u00e9l\u00e8ve \u00e0 7% de notre masse salariale.<\/p>\n<h3>Quelques pr\u00e9cisions<\/h3>\n<p>C\u00f4t\u00e9 CFTC nous \u00e9tions favorables \u00e0 une proposition d\u2019augmentation g\u00e9n\u00e9rale plus importante. Symboliquement, un message fort serait envoy\u00e9 par la direction si elle acceptait d\u2019augmenter l\u2019ensemble des salari\u00e9s de <strong>100\u20ac par mois<\/strong> de r\u00e9mun\u00e9ration. Cette augmentation de l\u2019enveloppe d\u2019augmentation g\u00e9n\u00e9rale aurait \u00e9t\u00e9 compens\u00e9e par une diminution de l\u2019enveloppe d\u2019augmentation individuelle. Les autres organisations syndicales n\u2019\u00e9taient pas d\u2019accord avec nous. Nous avons pr\u00e9f\u00e9r\u00e9 abandonner notre proposition et privil\u00e9gier notre unit\u00e9. Ces revendications sont donc le r\u00e9sultat d\u2019un compromis.<\/p>\n<p>En revanche, nous avons insist\u00e9 pour que des r\u00e8gles pr\u00e9cises encadrent \u00a0la distribution de l\u2019enveloppe d\u2019augmentation individuelle\u00a0: un plancher dans la s\u00e9lectivit\u00e9, des montants encadr\u00e9s (minimum et maximum) afin d\u2019\u00e9viter que l\u2019enveloppe soit distribu\u00e9e sur un nombre r\u00e9duit de b\u00e9n\u00e9ficiaire.<\/p>\n<h2>Quelques revendications propre \u00e0 la CFTC<\/h2>\n<p>Bien que le c\u0153ur de cette n\u00e9gociation se joue autour de la d\u00e9finition des enveloppes d\u2019augmentations, nous avons profit\u00e9 de cette r\u00e9union pour proposer \u00e0 la direction plusieurs petites choses\u00a0:<\/p>\n<ul>\n<li>Une augmentation de <strong>l&#8217;enveloppe des PIVA<\/strong> avec une garantie de s\u00e9lectivit\u00e9<\/li>\n<li>Une augmentation des <strong>cong\u00e9s sp\u00e9ciaux<\/strong> pour le d\u00e9c\u00e8s d\u2019un proche :\n<ul>\n<li>D\u00e9c\u00e8s du conjoint : 14 jours calendaires<\/li>\n<li>D\u00e9c\u00e8s d\u2019un enfant : 14 jours calendaires<\/li>\n<li>D\u00e9c\u00e8s d\u2019un parent : 7 jours calendaires<\/li>\n<li>D\u00e9c\u00e8s d\u2019un fr\u00e8re \/ d\u2019une s\u0153ur : 7 jours calendaires<\/li>\n<\/ul>\n<\/li>\n<li>Pas de non-augmentations au-del\u00e0 de 2 ann\u00e9es<\/li>\n<li>Un remboursement \u00e0 100% des <strong>frais d\u2019abonnements de transports<\/strong> en commun<\/li>\n<li>L\u2019ouverture d\u00e8s que possible d\u2019une n\u00e9gociation sur la Qualit\u00e9 de Vie au Travail (QVT)<\/li>\n<li>Un meilleur encadrement du <strong>temps de travail<\/strong> afin d\u2019\u00e9viter que les salari\u00e9s travaillent b\u00e9n\u00e9volement<\/li>\n<li>L\u2019ouverture d\u00e8s que possible d\u2019une n\u00e9gociation sur la <strong>gestion pr\u00e9visionnelle des carri\u00e8res<\/strong><\/li>\n<li>La \u00ab\u00a0r\u00e9ouverture\u00a0\u00bb et la revalorisation des <strong>subventions t\u00e9l\u00e9travail et \u00e9quipements pour les t\u00e9l\u00e9travailleurs<\/strong> \u00ab\u00a0exceptionnels\u00a0\u00bb<\/li>\n<\/ul>\n<p>&nbsp;<\/p>\n<p>La prochaine r\u00e9union de n\u00e9gociation se d\u00e9roulera demain, <strong>vendredi 16 avril<\/strong>. La \u00a0direction devrait pr\u00e9senter son projet apr\u00e8s avoir analys\u00e9 nos propositions.<\/p>\n<p>Nous reviendrons vers vous d\u00e8s que possible.<\/p>\n<p>Bien \u00e0 vous<\/p>\n<p>Toute l\u2019\u00e9quipe CFTC<\/p>\n<p>PS: le <a href=\"https:\/\/cftc-atosworldline.fr\/wp\/blog\/2021\/04\/20\/nao-worldline-les-propositions-de-la-direction\/\">compte rendu de la r\u00e9union du vendredi 16 est disponible<\/a> ! N&#8217;h\u00e9sitez pas \u00e0 jeter un \u0153il au projet de la direction.[\/vc_column_text][\/vc_column][\/vc_row]<\/p>\n","protected":false},"excerpt":{"rendered":"<p>[vc_row][vc_column][vc_column_text]Bonjour \u00e0 toutes et \u00e0 tous, Apr\u00e8s une premi\u00e8re r\u00e9union \u00ab\u00a0technique\u00a0\u00bb qui n\u2019aura pas servi \u00e0 grand-chose, les organisations syndicales et la direction se sont \u00e0 nouveau r\u00e9unies le vendredi 2 avril pour \u00e9changer sur la r\u00e9mun\u00e9ration, le temps de travail et le partage de la valeur ajout\u00e9e chez Worldline. Les organisations ont profit\u00e9 de [&hellip;]<\/p>\n","protected":false},"author":1,"featured_media":4996,"comment_status":"open","ping_status":"closed","sticky":false,"template":"","format":"standard","meta":{"_crdt_document":"","rop_custom_images_group":[],"rop_custom_messages_group":[],"rop_publish_now":"initial","rop_publish_now_accounts":[],"rop_publish_now_history":[],"rop_publish_now_status":"pending","footnotes":""},"categories":[19],"tags":[37,41,25,52,213],"class_list":["post-4995","post","type-post","status-publish","format-standard","has-post-thumbnail","hentry","category-nao","tag-augmentation","tag-nao","tag-negociation","tag-remuneration","tag-slider"],"_links":{"self":[{"href":"https:\/\/cftc-atosworldline.fr\/wp\/wp-json\/wp\/v2\/posts\/4995","targetHints":{"allow":["GET"]}}],"collection":[{"href":"https:\/\/cftc-atosworldline.fr\/wp\/wp-json\/wp\/v2\/posts"}],"about":[{"href":"https:\/\/cftc-atosworldline.fr\/wp\/wp-json\/wp\/v2\/types\/post"}],"author":[{"embeddable":true,"href":"https:\/\/cftc-atosworldline.fr\/wp\/wp-json\/wp\/v2\/users\/1"}],"replies":[{"embeddable":true,"href":"https:\/\/cftc-atosworldline.fr\/wp\/wp-json\/wp\/v2\/comments?post=4995"}],"version-history":[{"count":2,"href":"https:\/\/cftc-atosworldline.fr\/wp\/wp-json\/wp\/v2\/posts\/4995\/revisions"}],"predecessor-version":[{"id":5023,"href":"https:\/\/cftc-atosworldline.fr\/wp\/wp-json\/wp\/v2\/posts\/4995\/revisions\/5023"}],"wp:featuredmedia":[{"embeddable":true,"href":"https:\/\/cftc-atosworldline.fr\/wp\/wp-json\/wp\/v2\/media\/4996"}],"wp:attachment":[{"href":"https:\/\/cftc-atosworldline.fr\/wp\/wp-json\/wp\/v2\/media?parent=4995"}],"wp:term":[{"taxonomy":"category","embeddable":true,"href":"https:\/\/cftc-atosworldline.fr\/wp\/wp-json\/wp\/v2\/categories?post=4995"},{"taxonomy":"post_tag","embeddable":true,"href":"https:\/\/cftc-atosworldline.fr\/wp\/wp-json\/wp\/v2\/tags?post=4995"}],"curies":[{"name":"wp","href":"https:\/\/api.w.org\/{rel}","templated":true}]}}