{"id":4576,"date":"2020-07-08T07:52:23","date_gmt":"2020-07-08T07:52:23","guid":{"rendered":"https:\/\/cftc-atosworldline.fr\/wp\/?p=4576"},"modified":"2021-02-04T13:39:49","modified_gmt":"2021-02-04T13:39:49","slug":"lordre-du-jour-de-la-reunion-pleniere-du-cse-de-juillet-2020","status":"publish","type":"post","link":"https:\/\/cftc-atosworldline.fr\/wp\/blog\/2020\/07\/08\/lordre-du-jour-de-la-reunion-pleniere-du-cse-de-juillet-2020\/","title":{"rendered":"L&#8217;ordre du jour de la r\u00e9union pl\u00e9ni\u00e8re du CSE de juillet 2020"},"content":{"rendered":"\n<p class=\"wp-block-paragraph\">Bonjour \u00e0 tous, <\/p>\n\n\n\n<p class=\"wp-block-paragraph\">Les membres du CSE de Worldline se r\u00e9unissent demain, jeudi 9 juillet 2020, avec la Direction. <\/p>\n\n\n\n<p class=\"wp-block-paragraph\">Aujourd&#8217;hui ils se r\u00e9uniront afin de pr\u00e9parer les nombreux points de l&#8217;ordre du jour.<\/p>\n\n\n\n<p class=\"wp-block-paragraph\">Un petit aper\u00e7u des sujets qui seront discut\u00e9s par le CSE :<\/p>\n\n\n\n<ol class=\"wp-block-list\"><li>Rendu de l&#8217;avis du CSE sur la &#8220;plan cong\u00e9s&#8221; 2020 de la Direction<\/li><li>Rendu de l&#8217;avis du CSE sur la r\u00e9organisation One-FS<\/li><li>Pr\u00e9sentation de l&#8217;expertise lanc\u00e9e en 2019 sur la politique sociale 2018<\/li><li>Information de la Direction sur la gestion de la crise Covid-19 chez Worldline et le retour \u00e0 la normale<\/li><li>Pr\u00e9sentation du programme JIC<\/li><li>Information du CSE sur le changement de l\u2019organisation en vue de l\u2019int\u00e9gration d\u2019Ingenico<\/li><li>Information sur l\u2019assembl\u00e9e g\u00e9n\u00e9rale des actionnaires de Worldline et la mise \u00e0 disposition du CSE de l\u2019ensemble des documents transmis durant cette derni\u00e8re<\/li><li>Information sur l\u2019encadrement des inventions des salari\u00e9s<\/li><li>Information du CSE sur le 118 AWL<\/li><li>Suivi du turnover \u00a0au niveau du m\u00e9tier d\u2019int\u00e9grateur. Quels sont les tendances\u00a0? Quelles en sont les causes\u00a0? Et quelles solutions la direction compte-t-elle adopter pour faire baisser l\u2019attrition au niveau de ces \u00e9quipes et palier au risque de d\u00e9gradation du niveau d\u2019expertise<\/li><li>Le CSE demande les comptes annuels 2019 sur la pr\u00e9voyance\u00a0<\/li><li>Information du CSE sur le projet de r\u00e9organisation IT PROCESS<\/li><li>Information du CSE sur le projet de r\u00e9organisation de la LBL MTS BTN<\/li><\/ol>\n\n\n\n<p class=\"wp-block-paragraph\">Des questions? Des commentaires? Des informations \u00e0 nous communiquer? N&#8217;h\u00e9sitez pas \u00e0 nous contacter. <\/p>\n\n\n\n<p class=\"wp-block-paragraph\">Bien \u00e0 vous<\/p>\n\n\n\n<p class=\"wp-block-paragraph\"><\/p>\n","protected":false},"excerpt":{"rendered":"<p>Bonjour \u00e0 tous, Les membres du CSE de Worldline se r\u00e9unissent demain, jeudi 9 juillet 2020, avec la Direction. Aujourd&#8217;hui ils se r\u00e9uniront afin de pr\u00e9parer les nombreux points de l&#8217;ordre du jour. Un petit aper\u00e7u des sujets qui seront discut\u00e9s par le CSE : Rendu de l&#8217;avis du CSE sur la &#8220;plan cong\u00e9s&#8221; 2020 [&hellip;]<\/p>\n","protected":false},"author":1,"featured_media":4577,"comment_status":"open","ping_status":"closed","sticky":false,"template":"","format":"standard","meta":{"_crdt_document":"","rop_custom_images_group":[],"rop_custom_messages_group":[],"rop_publish_now":"initial","rop_publish_now_accounts":[],"rop_publish_now_history":[],"rop_publish_now_status":"pending","footnotes":""},"categories":[355],"tags":[369,361,280,377,87,363,26],"class_list":["post-4576","post","type-post","status-publish","format-standard","has-post-thumbnail","hentry","category-cse-worldline","tag-118-awl","tag-coronavirus","tag-cse","tag-jic","tag-odj","tag-one-fs","tag-prevoyance"],"_links":{"self":[{"href":"https:\/\/cftc-atosworldline.fr\/wp\/wp-json\/wp\/v2\/posts\/4576","targetHints":{"allow":["GET"]}}],"collection":[{"href":"https:\/\/cftc-atosworldline.fr\/wp\/wp-json\/wp\/v2\/posts"}],"about":[{"href":"https:\/\/cftc-atosworldline.fr\/wp\/wp-json\/wp\/v2\/types\/post"}],"author":[{"embeddable":true,"href":"https:\/\/cftc-atosworldline.fr\/wp\/wp-json\/wp\/v2\/users\/1"}],"replies":[{"embeddable":true,"href":"https:\/\/cftc-atosworldline.fr\/wp\/wp-json\/wp\/v2\/comments?post=4576"}],"version-history":[{"count":2,"href":"https:\/\/cftc-atosworldline.fr\/wp\/wp-json\/wp\/v2\/posts\/4576\/revisions"}],"predecessor-version":[{"id":4580,"href":"https:\/\/cftc-atosworldline.fr\/wp\/wp-json\/wp\/v2\/posts\/4576\/revisions\/4580"}],"wp:featuredmedia":[{"embeddable":true,"href":"https:\/\/cftc-atosworldline.fr\/wp\/wp-json\/wp\/v2\/media\/4577"}],"wp:attachment":[{"href":"https:\/\/cftc-atosworldline.fr\/wp\/wp-json\/wp\/v2\/media?parent=4576"}],"wp:term":[{"taxonomy":"category","embeddable":true,"href":"https:\/\/cftc-atosworldline.fr\/wp\/wp-json\/wp\/v2\/categories?post=4576"},{"taxonomy":"post_tag","embeddable":true,"href":"https:\/\/cftc-atosworldline.fr\/wp\/wp-json\/wp\/v2\/tags?post=4576"}],"curies":[{"name":"wp","href":"https:\/\/api.w.org\/{rel}","templated":true}]}}