{"id":4216,"date":"2019-10-22T21:57:27","date_gmt":"2019-10-22T21:57:27","guid":{"rendered":"https:\/\/cftc-atosworldline.fr\/wp\/?p=4216"},"modified":"2024-02-14T17:00:58","modified_gmt":"2024-02-14T17:00:58","slug":"marion-lecroart-candidat-titulaire","status":"publish","type":"post","link":"https:\/\/cftc-atosworldline.fr\/wp\/blog\/2019\/10\/22\/marion-lecroart-candidat-titulaire\/","title":{"rendered":"Marion Lecroart: candidate titulaire"},"content":{"rendered":"\n<p class=\"wp-block-paragraph\">Toute cette semaine, nous vous invitons \u00e0 d\u00e9couvrir l\u2019ensemble des  \ncandidats CFTC aux \u00e9lections du Comit\u00e9 Social et \u00c9conomique de  \nWorldline. 4 questions afin de mieux connaitre les candidats : leurs  \nparcours, leurs motivations et leurs envies. <\/p>\n\n\n\n<p class=\"wp-block-paragraph\">L\u2019\u00e9quipe CFTC ce sont des candidats qui vous ressemblent et des \u00e9lus qui nous rassembleront !<\/p>\n\n\n\n<p class=\"wp-block-paragraph\">C&#8217;est au tour de Marion de se pr\u00eater au jeu des questions r\u00e9ponses. <\/p>\n\n\n\n<h3 class=\"wp-block-heading\"><strong>Qui es-tu&nbsp;? <\/strong><\/h3>\n\n\n\n<p class=\"wp-block-paragraph\"><em> Je suis responsable d\u2019application pour des projets SFR. J\u2019ai toujours \u00e9t\u00e9 dans la BU TUM devenue MTS. J\u2019ai commenc\u00e9 par le webmail orange puis sur des enjeux de publishing de documents juridiques et du transport, en passant par Contact quelques mois avant de revenir chez SFR.<\/em><\/p>\n\n\n\n<p class=\"wp-block-paragraph\"><em>J\u2019ai particip\u00e9 au club des petites mains habiles sur Seclin jusqu\u2019\u00e0 il y a quelques ann\u00e9es. C\u2019\u00e9tait d\u2019abord des r\u00e9unions informelles avec ma s\u0153ur (qui est aussi coll\u00e8gue) et une autre coll\u00e8gue et de fil en aiguilles, c\u2019est devenu un club \u00e0 part enti\u00e8re qui a gagn\u00e9 un \u00ab\u00a0Atos r\u00e9alise vos r\u00eaves\u00a0\u00bb <\/em><\/p>\n\n\n\n<h3 class=\"wp-block-heading\"><strong>Pourquoi souhaites tu devenir repr\u00e9sentant du personnel? <\/strong><\/h3>\n\n\n\n<p class=\"wp-block-paragraph\"><em>Je trouve que c\u2019est une chance d\u2019avoir une structure qui permette d\u2019\u00eatre soutenu en cas de coup dur que ce soit au niveau financier, des relations avec sa hi\u00e9rarchie ou de sa sant\u00e9. Car bien souvent, on pense \u00e0 la billetterie, aux subventions et aux voyages mais c\u2019est une vision tr\u00e8s superficielle de ce qui est offert au salari\u00e9.<\/em><\/p>\n\n\n\n<h3 class=\"wp-block-heading\"><strong>Dans quoi souhaiterais tu t\u2019impliquer si tu \u00e9tais \u00e9lu au CSE <\/strong>?<\/h3>\n\n\n\n<p class=\"wp-block-paragraph\"><strong>J<\/strong><em>\u2019ai toujours eu \u00e0 c\u0153ur de contribuer aux bien-\u00eatre des salari\u00e9s et c\u2019est dans les aspects sant\u00e9 et social et culturel que je me sens le plus \u00e0 m\u00eame de contribuer.<\/em><\/p>\n\n\n\n<h3 class=\"wp-block-heading\"><strong>Si tu pouvais r\u00e9aliser une action en tant que repr\u00e9sentant quelle serait-elle?<\/strong><\/h3>\n\n\n\n<p class=\"wp-block-paragraph\"><em>J\u2019aimerais relancer les cours de yoga sur Seclin mais aussi trouver un moyen de faciliter la participation des salari\u00e9s qui souhaiteraient contribuer d\u2019une mani\u00e8re qui leur soit joyeuse et agr\u00e9able \u00e0 rendre la vie en entreprise encore meilleur. <\/em><\/p>\n\n\n\n<p class=\"wp-block-paragraph\">Toute l\u2019\u00e9quipe CFTC  <\/p>\n","protected":false},"excerpt":{"rendered":"<p>Toute cette semaine, nous vous invitons \u00e0 d\u00e9couvrir l\u2019ensemble des candidats CFTC aux \u00e9lections du Comit\u00e9 Social et \u00c9conomique de Worldline. 4 questions afin de mieux connaitre les candidats : leurs parcours, leurs motivations et leurs envies. L\u2019\u00e9quipe CFTC ce sont des candidats qui vous ressemblent et des \u00e9lus qui nous rassembleront ! C&#8217;est au [&hellip;]<\/p>\n","protected":false},"author":1,"featured_media":4227,"comment_status":"open","ping_status":"closed","sticky":false,"template":"","format":"standard","meta":{"_crdt_document":"","rop_custom_images_group":[],"rop_custom_messages_group":[],"rop_publish_now":"initial","rop_publish_now_accounts":[],"rop_publish_now_history":[],"rop_publish_now_status":"pending","footnotes":""},"categories":[347],"tags":[348,280,46],"class_list":["post-4216","post","type-post","status-publish","format-standard","has-post-thumbnail","hentry","category-election-cse","tag-candidat","tag-cse","tag-election"],"_links":{"self":[{"href":"https:\/\/cftc-atosworldline.fr\/wp\/wp-json\/wp\/v2\/posts\/4216","targetHints":{"allow":["GET"]}}],"collection":[{"href":"https:\/\/cftc-atosworldline.fr\/wp\/wp-json\/wp\/v2\/posts"}],"about":[{"href":"https:\/\/cftc-atosworldline.fr\/wp\/wp-json\/wp\/v2\/types\/post"}],"author":[{"embeddable":true,"href":"https:\/\/cftc-atosworldline.fr\/wp\/wp-json\/wp\/v2\/users\/1"}],"replies":[{"embeddable":true,"href":"https:\/\/cftc-atosworldline.fr\/wp\/wp-json\/wp\/v2\/comments?post=4216"}],"version-history":[{"count":3,"href":"https:\/\/cftc-atosworldline.fr\/wp\/wp-json\/wp\/v2\/posts\/4216\/revisions"}],"predecessor-version":[{"id":4229,"href":"https:\/\/cftc-atosworldline.fr\/wp\/wp-json\/wp\/v2\/posts\/4216\/revisions\/4229"}],"wp:featuredmedia":[{"embeddable":true,"href":"https:\/\/cftc-atosworldline.fr\/wp\/wp-json\/wp\/v2\/media\/4227"}],"wp:attachment":[{"href":"https:\/\/cftc-atosworldline.fr\/wp\/wp-json\/wp\/v2\/media?parent=4216"}],"wp:term":[{"taxonomy":"category","embeddable":true,"href":"https:\/\/cftc-atosworldline.fr\/wp\/wp-json\/wp\/v2\/categories?post=4216"},{"taxonomy":"post_tag","embeddable":true,"href":"https:\/\/cftc-atosworldline.fr\/wp\/wp-json\/wp\/v2\/tags?post=4216"}],"curies":[{"name":"wp","href":"https:\/\/api.w.org\/{rel}","templated":true}]}}