{"id":4183,"date":"2019-10-22T15:35:32","date_gmt":"2019-10-22T15:35:32","guid":{"rendered":"https:\/\/cftc-atosworldline.fr\/wp\/?p=4183"},"modified":"2019-10-22T21:42:09","modified_gmt":"2019-10-22T21:42:09","slug":"maxence-royer-candidat-titulaire","status":"publish","type":"post","link":"https:\/\/cftc-atosworldline.fr\/wp\/blog\/2019\/10\/22\/maxence-royer-candidat-titulaire\/","title":{"rendered":"Maxence Royer : candidat titulaire"},"content":{"rendered":"\n<p class=\"wp-block-paragraph\">Toute cette semaine, nous vous invitons \u00e0 d\u00e9couvrir l\u2019ensemble des  candidats CFTC aux \u00e9lections du Comit\u00e9 Social et \u00c9conomique de  Worldline. 4 questions afin de mieux connaitre les candidats : leurs  parcours, leurs motivations et leurs envies. <\/p>\n\n\n\n<p class=\"wp-block-paragraph\">L\u2019\u00e9quipe CFTC ce sont des candidats qui vous ressemblent et des \u00e9lus qui nous rassembleront !<\/p>\n\n\n\n<p class=\"wp-block-paragraph\">Maxence se pr\u00eate aujourd&#8217;hui au jeu des questions r\u00e9ponses. <\/p>\n\n\n\n<h3 class=\"wp-block-heading\"><strong>Qui es-tu&nbsp;? <\/strong><\/h3>\n\n\n\n<p class=\"wp-block-paragraph\"><em>Bonjour \u00e0 tous, afin de m\u2019introduire rapidement \u00e0 vous, moi c\u2019est Maxence Royer, 24 ans et jeune dipl\u00f4m\u00e9 de l\u2019\u00e9cole CPE Lyon. Du fait de mon jeune \u00e2ge, je connais tr\u00e8s bien Worldline puisque j\u2019y ait r\u00e9alis\u00e9 mon stage de fin d\u2019IUT en R&amp;D qui a d\u00e9bouch\u00e9 sur un contrat d\u2019alternance de 3 ans au sein de l\u2019entit\u00e9 MS, puis \u00e0 mon embauche depuis plus d\u2019un an maintenant au sein de cette m\u00eame entit\u00e9. Apr\u00e8s avoir travaill\u00e9 une ann\u00e9e sur la plateforme digitale de McDonald\u2019s j\u2019ai par la suite \u0153uvr\u00e9 sur la plateforme d\u2019e-commerce de Carrefour France. J\u2019interviens depuis plus de 2 ans maintenant en tant que responsable d\u2019applications sur les probl\u00e9matiques du projet Media Assets Management pour Path\u00e9 Films. Afin de pr\u00e9senter en quelques mots ce projet, nous d\u00e9veloppons une plateforme de centralisation et de gestion de l\u2019ensemble du patrimoine cin\u00e9matographie de cette entreprise en d\u00e9veloppant et maintenant une solution facilitant \u00e9galement les \u00e9changes avec ses diff\u00e9rents partenaires&nbsp;: laboratoires producteurs de films, organismes charg\u00e9s des contr\u00f4les qualit\u00e9, etc.<\/em><\/p>\n\n\n\n<p class=\"wp-block-paragraph\"><em>J\u2019ai, par le pass\u00e9, men\u00e9 diff\u00e9rentes actions de b\u00e9n\u00e9volat qui ont d\u2019autant plus forg\u00e9 mon envie de m\u2019investir dans des projets humains et solidaires. A titre d\u2019exemple, il y a pr\u00e8s de deux ans maintenant, j\u2019ai eu la chance de participer \u00e0 l\u2019aventure 4L Trophy me permettant de traverser en Renault 4 le Maroc afin d\u2019apporter du mat\u00e9riel scolaire, sportif et m\u00e9dical \u00e0 des populations en situation de pr\u00e9carit\u00e9 dans des r\u00e9gions tr\u00e8s recul\u00e9es du Pays, au milieu du d\u00e9sert. Et, Worldline m\u2019avait m\u00eame accompagn\u00e9e dans cette aventure en la finan\u00e7ant en partie et en nous m\u00e9diatisant tout au long de notre p\u00e9riple. Certains d\u2019entre vous se rappellerons peut-\u00eatre des communications internes faites par les \u00e9quipes de communication lors de cet \u00e9v\u00e9nement.<\/em><\/p>\n\n\n\n<h3 class=\"wp-block-heading\"><strong>Pourquoi souhaites tu devenir repr\u00e9sentant du personnel ? Dans quoi souhaiterais tu t\u2019impliquer si tu \u00e9tais \u00e9lu au CSE <\/strong>?<\/h3>\n\n\n\n<p class=\"wp-block-paragraph\"><em>L\u2019exp\u00e9rience qui est la mienne aujourd\u2019hui est repr\u00e9sentative de celle de nombreux salari\u00e9s et ferait de moi un porte-parole au plus proche de vous aupr\u00e8s de la direction. Et c\u2019est ce qui me motive tout particuli\u00e8rement \u00e0 me lancer dans cette aventure unique de 3 ans qu\u2019auront la chance de mener les personnes que vous allez \u00e9lire tr\u00e8s prochainement. Cette exp\u00e9rience promet d\u2019\u00eatre tr\u00e8s formatrice sur diff\u00e9rents sujets et me pousse \u00e0 candidater. Si je suis \u00e9lu en tant que repr\u00e9sentant du personnel, je souhaite tout d\u2019abord m\u2019impliquer dans l\u2019organisation des diff\u00e9rents \u00e9v\u00e9nements culturels locaux et nationaux men\u00e9s par le CE car ces derniers sont pour moi l\u2019essence m\u00eame de l\u2019entreprise et si importants pour nous tous, employ\u00e9s. Par ailleurs, les aspects de sant\u00e9, bien-\u00eatre et de s\u00e9curit\u00e9 au travail m\u2019attirent tout particuli\u00e8rement et ferait l\u2019objet de ma sp\u00e9cialisation lors du prochain mandat. <\/em><\/p>\n\n\n\n<h3 class=\"wp-block-heading\"><strong>Si tu pouvais r\u00e9aliser une action en tant que repr\u00e9sentant quelle serait-elle ?<\/strong><\/h3>\n\n\n\n<p class=\"wp-block-paragraph\"><em>Si je devais pr\u00e9senter une action que je souhaiterais mener en tant que membre du CSE&nbsp; ce serait de d\u00e9fendre les int\u00e9r\u00eats des salari\u00e9s de l\u2019entreprise et tout faire pour am\u00e9liorer les conditions de travail qui sont les n\u00f4tres chaque jour le tout en ayant un regard sur les enjeux de soci\u00e9t\u00e9 actuels et notamment les enjeux \u00e9cologiques. Mais, pour cela, nous avons besoin de votre soutient lors des prochaines \u00e9lections qui auront lieu d\u00e9but Novembre. Le pouvoir est entre vos mains, peu importe pour qui vous votez, nous comptons tous autant que nous sommes sur votre participation massive \u00e0 cet \u00e9v\u00e9nement si essentiel \u00e0 notre vie en entreprise.<\/em><\/p>\n\n\n\n<p class=\"wp-block-paragraph\">Merci Maxence pour la qualit\u00e9 de ces r\u00e9ponses<\/p>\n\n\n\n<p class=\"wp-block-paragraph\">Toute l\u2019\u00e9quipe CFTC  <\/p>\n","protected":false},"excerpt":{"rendered":"<p>Toute cette semaine, nous vous invitons \u00e0 d\u00e9couvrir l\u2019ensemble des candidats CFTC aux \u00e9lections du Comit\u00e9 Social et \u00c9conomique de Worldline. 4 questions afin de mieux connaitre les candidats : leurs parcours, leurs motivations et leurs envies. L\u2019\u00e9quipe CFTC ce sont des candidats qui vous ressemblent et des \u00e9lus qui nous rassembleront ! Maxence se [&hellip;]<\/p>\n","protected":false},"author":1,"featured_media":4187,"comment_status":"open","ping_status":"closed","sticky":false,"template":"","format":"standard","meta":{"_crdt_document":"","rop_custom_images_group":[],"rop_custom_messages_group":[],"rop_publish_now":"initial","rop_publish_now_accounts":[],"rop_publish_now_history":[],"rop_publish_now_status":"pending","footnotes":""},"categories":[347],"tags":[348,280,46,213],"class_list":["post-4183","post","type-post","status-publish","format-standard","has-post-thumbnail","hentry","category-election-cse","tag-candidat","tag-cse","tag-election","tag-slider"],"_links":{"self":[{"href":"https:\/\/cftc-atosworldline.fr\/wp\/wp-json\/wp\/v2\/posts\/4183","targetHints":{"allow":["GET"]}}],"collection":[{"href":"https:\/\/cftc-atosworldline.fr\/wp\/wp-json\/wp\/v2\/posts"}],"about":[{"href":"https:\/\/cftc-atosworldline.fr\/wp\/wp-json\/wp\/v2\/types\/post"}],"author":[{"embeddable":true,"href":"https:\/\/cftc-atosworldline.fr\/wp\/wp-json\/wp\/v2\/users\/1"}],"replies":[{"embeddable":true,"href":"https:\/\/cftc-atosworldline.fr\/wp\/wp-json\/wp\/v2\/comments?post=4183"}],"version-history":[{"count":3,"href":"https:\/\/cftc-atosworldline.fr\/wp\/wp-json\/wp\/v2\/posts\/4183\/revisions"}],"predecessor-version":[{"id":4213,"href":"https:\/\/cftc-atosworldline.fr\/wp\/wp-json\/wp\/v2\/posts\/4183\/revisions\/4213"}],"wp:featuredmedia":[{"embeddable":true,"href":"https:\/\/cftc-atosworldline.fr\/wp\/wp-json\/wp\/v2\/media\/4187"}],"wp:attachment":[{"href":"https:\/\/cftc-atosworldline.fr\/wp\/wp-json\/wp\/v2\/media?parent=4183"}],"wp:term":[{"taxonomy":"category","embeddable":true,"href":"https:\/\/cftc-atosworldline.fr\/wp\/wp-json\/wp\/v2\/categories?post=4183"},{"taxonomy":"post_tag","embeddable":true,"href":"https:\/\/cftc-atosworldline.fr\/wp\/wp-json\/wp\/v2\/tags?post=4183"}],"curies":[{"name":"wp","href":"https:\/\/api.w.org\/{rel}","templated":true}]}}