{"id":4081,"date":"2019-07-04T15:39:40","date_gmt":"2019-07-04T15:39:40","guid":{"rendered":"https:\/\/cftc-atosworldline.fr\/wp\/?p=4081"},"modified":"2019-09-12T10:22:43","modified_gmt":"2019-09-12T10:22:43","slug":"la-responsabilite-sociale-de-worldline","status":"publish","type":"post","link":"https:\/\/cftc-atosworldline.fr\/wp\/blog\/2019\/07\/04\/la-responsabilite-sociale-de-worldline\/","title":{"rendered":"La responsabilit\u00e9 sociale de Worldline"},"content":{"rendered":"\n<p class=\"wp-block-paragraph\">Le document de r\u00e9f\u00e9rence 2018 innove\nen int\u00e9grant au c\u0153ur m\u00eame du rapport une partie copieuse sur la responsabilit\u00e9\nsociale de l\u2019entreprise. Cette nouveaut\u00e9 est positive et traduit, nous\nsemble-t-il, la volont\u00e9 de la Direction d\u2019entrem\u00ealer notre activit\u00e9 \u00e0 un d\u00e9veloppement\ndurable et responsable. <\/p>\n\n\n\n<p class=\"wp-block-paragraph\">Nous ne souhaitons pas r\u00e9aliser\nune synth\u00e8se des informations du document de r\u00e9f\u00e9rence sur cette th\u00e9matique.\nNous pr\u00e9f\u00e9rons soulever au fil de notre lecture des interrogations, des\nremarques, des esquisses de proposition, afin de commencer tous ensemble \u00e0 s\u2019emparer\nde ces sujets. <\/p>\n\n\n\n<p class=\"wp-block-paragraph\">Tr\u00e8s bonne lecture ! <\/p>\n\n\n\n<h2 class=\"wp-block-heading\">Comment Worldline rel\u00e8ve les d\u00e9fis sociaux&nbsp;?\n<\/h2>\n\n\n\n<p class=\"wp-block-paragraph\">La r\u00e9ponse \u00e0 cette question nous\nest donn\u00e9e \u00e0 la page 83 du document dans un paragraphe synth\u00e9tique o\u00f9 l\u2019on retrouve\nfinalement des choses assez classiques&nbsp;: attractivit\u00e9 de l\u2019entreprise,\nprofessionnalisme des \u00e9quipes, expertises des salari\u00e9s, \u00e9quit\u00e9, diversit\u00e9 et transparence.\n<\/p>\n\n\n\n<p class=\"wp-block-paragraph\">C\u2019est tr\u00e8s bien de r\u00e9affirmer\ntout \u00e7a, mais malheureusement il est regrettable que la Direction fasse l\u2019impasse\nsur la dimension collective de la r\u00e9ponse&nbsp;: \u00e0 aucun moment elle souligne\nsa volont\u00e9 d\u2019\u00eatre \u00e0 l\u2019\u00e9coute des salari\u00e9s, de les impliquer, rien n\u2019est dit sur\nle r\u00f4le des repr\u00e9sentants du personnel et sur celui des organisations\nsyndicales. C\u2019est doublement choquant&nbsp;: premi\u00e8rement car nous ne voyons\npas comment une bonne r\u00e9ponse \u00e0 un d\u00e9fi social pourrait se construire sans les\nsalari\u00e9s. Ensuite, car la Direction use du travail des repr\u00e9sentants des\nsalari\u00e9s pour attirer et pour communiquer sur \u00ab&nbsp;l\u2019attractivit\u00e9&nbsp;\u00bb de l\u2019entreprise.\nD\u2019un c\u00f4t\u00e9 elle prend mais elle ne l\u00e2che rien de l\u2019autre. <\/p>\n\n\n\n<h2 class=\"wp-block-heading\">Comment Worldline rel\u00e8ve les d\u00e9fis environnementaux&nbsp;?<\/h2>\n\n\n\n<p class=\"wp-block-paragraph\">\u00ab&nbsp;La strat\u00e9gie de faible\n\u00e9mission de carbone de Worldline se concentre donc sur l\u2019optimisation de\nl\u2019efficacit\u00e9 \u00e9nerg\u00e9tique et la r\u00e9duction des \u00e9missions de CO2 issues de ses\ndata-centers, de ses bureaux, des d\u00e9placements professionnels et du cycle de\nvie de ses terminaux de paiement. Worldline s\u2019engage \u00e9galement \u00e0 soutenir\nl\u2019\u00e9conomie circulaire via la gestion de ses d\u00e9chets \u00e9lectroniques, en les\nr\u00e9duisant dans la mesure du possible (virtualisation de serveurs) et en\nrecyclant syst\u00e9matiquement les composants de ses terminaux de paiement.&nbsp;\u00bb<a href=\"#_ftn1\">[1]<\/a><\/p>\n\n\n\n<p class=\"wp-block-paragraph\">L\u00e0 encore, nous appr\u00e9cions la volont\u00e9\nde la Direction de minimiser et d\u2019optimiser nos consommations. C\u2019est\nindispensable dans le contexte soci\u00e9tal actuel. <\/p>\n\n\n\n<p class=\"wp-block-paragraph\">N\u00e9anmoins nous regrettons que l\u2019engagement\nenvironnemental de Worldline demeure encore \u00e0 la marge de notre strat\u00e9gie\n\u00e9conomique&nbsp;: \u00ab&nbsp;L\u2019ambition de Worldline repose sur le principe de\nvaleur partag\u00e9e selon lequel la cr\u00e9ation de valeur \u00e9conomique g\u00e9n\u00e8re \u00e9galement\nde la valeur pour la Soci\u00e9t\u00e9, en r\u00e9pondant \u00e0 ses besoins et en contribuant \u00e0\nses enjeux, en d\u2019autres termes, en alliant la r\u00e9ussite de l\u2019entreprise au\nprogr\u00e8s social \u00bb<a href=\"#_ftn2\">[2]<\/a>.\nAutrement dit, nos projets ne sont pas pens\u00e9s \u00e0 travers une grille d\u2019analyse\nresponsable et environnementale. Un business quel qu\u2019il soit sera bon pour la Soci\u00e9t\u00e9\n\u00e0 travers la richesse qu\u2019il cr\u00e9era. Nous sommes persuad\u00e9s que cette logique n\u2019est\npas \u00e0 la hauteur des enjeux environnementaux. <\/p>\n\n\n\n<p class=\"wp-block-paragraph\">Notre inqui\u00e9tude pourrait se formuler de la mani\u00e8re suivante&nbsp;: <strong>la Direction Worldline accepterait elle de ne pas r\u00e9pondre \u00e0 un appel d\u2019offre tout simplement car l\u2019impact environnemental et soci\u00e9tal du projet serait trop n\u00e9gatif&nbsp;?<\/strong> Esquisser des \u00e9l\u00e9ments de r\u00e9ponse \u00e0 cette question nous semble aujourd\u2019hui obligatoire.<\/p>\n\n\n\n<h2 class=\"wp-block-heading\">Les objectifs de d\u00e9veloppement durable de\nWorldline<\/h2>\n\n\n\n<p class=\"wp-block-paragraph\">Pr\u00e9cisons notre pens\u00e9e&nbsp;: la\nDirection se f\u00e9licite d\u2019avoir atteint un chiffre d\u2019affaires de 816 millions d\u2019euros\nen 2018 en commercialisant des solutions durables \u00ab contribuant au progr\u00e8s\nsocial et environnemental&nbsp;\u00bb<a href=\"#_ftn3\">[3]<\/a>.\nC\u2019est \u00e9videmment tr\u00e8s bien sur le papier. <\/p>\n\n\n\n<p class=\"wp-block-paragraph\">Mais rentrons dans les d\u00e9tails\u00a0: la Direction s\u2019appuie sur les <strong>O<\/strong>bjectifs de <strong>D<\/strong>\u00e9veloppement <strong>D<\/strong>urable (<strong>ODD<\/strong>) des Nations Unies<a href=\"#_ftn4\">[4]<\/a> pour \u00e9valuer ses offres. A travers une m\u00e9thodologie interne Worldline, l\u2019ensemble de nos offres ont \u00e9t\u00e9 \u00e9valu\u00e9es afin de mesurer leurs b\u00e9n\u00e9fices sur les plans \u00e9conomique, social, \u00e9thique et environnemental. Il est ensuite facile de calculer la contribution financi\u00e8re de chacune de nos offres aux objectifs de d\u00e9veloppement durable de l\u2019ONU. <\/p>\n\n\n\n<p class=\"wp-block-paragraph\">Le r\u00e9sultat est le suivant&nbsp;:<\/p>\n\n\n\n<figure class=\"wp-block-image\"><img loading=\"lazy\" decoding=\"async\" width=\"1024\" height=\"525\" src=\"https:\/\/cftc-atosworldline.fr\/wp\/wp-content\/uploads\/2019\/07\/ODD-Worldline-2018-1024x525.jpg\" alt=\"\" class=\"wp-image-4082\" srcset=\"https:\/\/cftc-atosworldline.fr\/wp\/wp-content\/uploads\/2019\/07\/ODD-Worldline-2018-1024x525.jpg 1024w, https:\/\/cftc-atosworldline.fr\/wp\/wp-content\/uploads\/2019\/07\/ODD-Worldline-2018-300x154.jpg 300w, https:\/\/cftc-atosworldline.fr\/wp\/wp-content\/uploads\/2019\/07\/ODD-Worldline-2018-768x393.jpg 768w, https:\/\/cftc-atosworldline.fr\/wp\/wp-content\/uploads\/2019\/07\/ODD-Worldline-2018-1074x550.jpg 1074w, https:\/\/cftc-atosworldline.fr\/wp\/wp-content\/uploads\/2019\/07\/ODD-Worldline-2018-582x298.jpg 582w, https:\/\/cftc-atosworldline.fr\/wp\/wp-content\/uploads\/2019\/07\/ODD-Worldline-2018-671x344.jpg 671w, https:\/\/cftc-atosworldline.fr\/wp\/wp-content\/uploads\/2019\/07\/ODD-Worldline-2018.jpg 1341w\" sizes=\"auto, (max-width: 1024px) 100vw, 1024px\" \/><figcaption>Chiffre d&#8217;affaire de Worldline 2018 r\u00e9partis selon les ODD de l&#8217;ONU (Source : document de r\u00e9f\u00e9rence Worldline 2018)<\/figcaption><\/figure>\n\n\n\n<p class=\"wp-block-paragraph\">Quelques remarques globales&nbsp;:\n<\/p>\n\n\n\n<ul class=\"wp-block-list\"><li>Etant donn\u00e9 l\u2019\u00e9quivocit\u00e9 des diff\u00e9rents\nobjectifs de d\u00e9veloppement durable de l\u2019ONU, nous regrettons que la Direction n\u2019ait\npas pr\u00e9sent\u00e9 de mani\u00e8re d\u00e9taill\u00e9e sa mani\u00e8re d\u2019\u00e9valuer les offres Worldline. En\nl\u2019\u00e9tat et sans information compl\u00e9mentaire, il est tr\u00e8s difficile de conclure \u00e0\nun quelconque int\u00e9r\u00eat durable de nos offres.<\/li><li>D\u2019autant plus lorsque nous constatons que les\nobjectifs n\u00b016 et n\u00b09 sont les principaux contributeurs \u00e0 l\u2019atteinte des\nobjectifs&nbsp;: \u00ab&nbsp;Paix, justice et institutions efficaces&nbsp;\u00bb (n\u00b016)\net \u00ab&nbsp;Travail d\u00e9cent et croissance \u00e9conomique&nbsp;\u00bb (n\u00b08) arrivent\nlargement en t\u00eate avec respectivement 254 et 239 millions d\u2019euros. Mais comment\n\u00eatre sure que des institutions plus efficaces et une croissance \u00e9conomique sont\nobligatoirement synonymes de d\u00e9veloppement durable<a href=\"#_ftn5\">[5]<\/a>&nbsp;?\n<\/li><li>En l\u2019\u00e9tat, il est tr\u00e8s difficile de conclure sur\nles effets soci\u00e9taux positifs des offres Worldline. &nbsp;Ouvrir le process d\u2019\u00e9valuation des offres est un\npr\u00e9requis indispensable afin que nous puissions mieux comprendre nos impacts et\nnos mani\u00e8res de progresser.<\/li><li>Nous craignons \u00e9galement que notre contribution\n\u00e0 l\u2019atteinte des objectifs de d\u00e9veloppement durable soit plus li\u00e9e \u00e0 la\ndynamique du march\u00e9 qu\u2019aux cons\u00e9quences de notre politique. D\u2019un r\u00f4le moteur et\nactif, nous serions finalement \u00e0 la traine d\u2019\u00e9volutions soci\u00e9tales.<\/li><\/ul>\n\n\n\n<h2 class=\"wp-block-heading\">Les actions concr\u00e8tes de Worldline<\/h2>\n\n\n\n<p class=\"wp-block-paragraph\">Analysons \u00e0 pr\u00e9sent les actions\nconcr\u00e8tes men\u00e9es par Worldline pour affirmer son statut d\u2019entreprise \u00ab&nbsp;responsable&nbsp;\u00bb&nbsp;:<\/p>\n\n\n\n<h3 class=\"wp-block-heading\">Les achats<\/h3>\n\n\n\n<p class=\"wp-block-paragraph\">Worldline \u00ab&nbsp;s\u2019engage sans\nr\u00e9serve \u00e0 d\u00e9velopper des achats responsables&nbsp;\u00bb<a href=\"#_ftn6\">[6]<\/a>\nen vue \u00ab&nbsp;de r\u00e9duire \u00ab&nbsp;ses risques techniques, environnementaux (Green\nIT), humains (sociaux) et financiers&nbsp;\u00bb<a href=\"#_ftn7\">[7]<\/a>.\n&nbsp;<\/p>\n\n\n\n<p class=\"wp-block-paragraph\">Worldline est \u00e9galement engager \u00e0\npeser sur ses fournisseurs afin qu\u2019eux aussi s\u2019impliquent activement dans une\nd\u00e9marche RSE. Par exemple, la Direction de Worldline Inde est en attente d\u2019information\nde son fournisseur de terminaux sur \u00ab&nbsp;son plan de r\u00e9duction des \u00e9missions\nde CO2, sa politique l\u2019approvisionnement en minerais afin de garantir que les minerais\nutilis\u00e9s dans la totalit\u00e9 des produits livr\u00e9s proviennent de zones exemptes de\nconflit, sa politiques relatives aux conditions de travail, &nbsp;afin de\ngarantir la sant\u00e9 et la s\u00e9curit\u00e9 dans son usine de production. \u00bb<a href=\"#_ftn8\">[8]<\/a>\n<\/p>\n\n\n\n<p class=\"wp-block-paragraph\">Plusieurs Labels (Niveau Or chez\nEco Vadis, score de 87\/100 pour l\u2019indice Gaia) viennent valider la r\u00e9alit\u00e9 de\ncette d\u00e9marche.<\/p>\n\n\n\n<p class=\"wp-block-paragraph\">Sans aucun doute ces actions sont\npositives. <\/p>\n\n\n\n<p class=\"wp-block-paragraph\">En revanche, nous devons faire\nbeaucoup plus et ne pas nous contenter d\u2019un engagement \u00ab&nbsp;mou&nbsp;\u00bb qui\nest loin d\u2019\u00eatre contraignant pour nos fournisseurs. &nbsp;<\/p>\n\n\n\n<p class=\"wp-block-paragraph\">On reste circonspect sur les int\u00e9r\u00eats\nde ce genre d\u2019engagement: \u00ab&nbsp;Si des produits contiennent des minerais issus\nde zones de conflit [\u2026] adopter une politique et des proc\u00e9dures de vigilance\nafin de garantir, dans la mesure du raisonnable, que les m\u00e9taux \u00ab 3TG \u00bb (\u00e9tain,\ntungst\u00e8ne, tantale et\/ou or) contenus dans leurs produits ne sont pas une\nsource de profits pour des groupes arm\u00e9s&nbsp;\u00bb<a href=\"#_ftn9\">[9]<\/a>.\n&nbsp;<\/p>\n\n\n\n<h3 class=\"wp-block-heading\">Le local<\/h3>\n\n\n\n<p class=\"wp-block-paragraph\">Plus de 1,3 millions d\u2019euros d\u2019investissement\npour \u00ab&nbsp;financer des actions au profit des communaut\u00e9s locales et de la\nsoci\u00e9t\u00e9 au sens large&nbsp;\u00bb<a href=\"#_ftn10\">[10]<\/a>\nqui comprennent des &nbsp;\u00ab&nbsp;dons aux\norganisations caritatives et sociales, une implication dans des projets informatiques\nresponsables et les relations et partenariats avec les \u00e9tablissements scolaires\net universit\u00e9s ainsi que le m\u00e9c\u00e9nat de comp\u00e9tences&nbsp;\u00bb <a href=\"#_ftn11\">[11]<\/a>.\nLe rapport ajoute que plus de 13 millions d\u2019euros de subvention d\u2019euros ont \u00e9t\u00e9\nre\u00e7ues par Worldline. Notre balance est donc loin d\u2019\u00eatre positive. <\/p>\n\n\n\n<h3 class=\"wp-block-heading\">Le carbone<\/h3>\n\n\n\n<p class=\"wp-block-paragraph\">Worldline s\u2019engage dans une\nstrat\u00e9gie de r\u00e9duction des \u00e9missions de CO<sub>2<\/sub> \u00e0 travers plusieurs\nobjectifs&nbsp;et son adh\u00e9sion \u00e0 la Charte Climat \u00ab Paris Action Climat \u00bb : <\/p>\n\n\n\n<ul class=\"wp-block-list\"><li>R\u00e9duire chaque ann\u00e9e l\u2019intensit\u00e9 carbone de\nWorldline de 2%<\/li><li>Approvisionner 100% de la consommation totale d\u2019\u00e9lectricit\u00e9\ndu Groupe en \u00e9nergies renouvelables<\/li><li>Compenser d\u2019ici 2020 l\u2019ensemble des \u00e9missions de\nCO2 r\u00e9sultant de ses activit\u00e9s<\/li><\/ul>\n\n\n\n<p class=\"wp-block-paragraph\">Apparemment les actions de\nWorldline portent leurs fruits avec plusieurs objectifs atteints en 2018&nbsp;:<\/p>\n\n\n\n<ul class=\"wp-block-list\"><li>R\u00e9duction des \u00e9missions de 85% des data-centers<a href=\"#_ftn12\">[12]<\/a>\n<\/li><li>Programme volontaire de compensation carbone\navec le financement d\u2019un parc \u00e9olien en Inde g\u00e9n\u00e9rant plus de 160MW d\u2019\u00e9lectricit\u00e9\n\u00ab&nbsp;propre&nbsp;\u00bb. 100% de nos \u00e9missions de CO<sub>2<\/sub> sont ainsi compens\u00e9es\n(data centers, terminaux, bureaux et d\u00e9placement)<a href=\"#_ftn13\">[13]<\/a><\/li><li>100% de l\u2019\u00e9lectricit\u00e9 de Worldline France est\nrenouvelable<a href=\"#_ftn14\">[14]<\/a><\/li><\/ul>\n\n\n\n<h2 class=\"wp-block-heading\">Conclusion<\/h2>\n\n\n\n<p class=\"wp-block-paragraph\">Comme nous le disions pr\u00e9c\u00e9demment,\nnous continuons \u00e0 penser qu\u2019un v\u00e9ritable changement d\u2019\u00e9tat d\u2019esprit doit s\u2019op\u00e9rer\nsi nous souhaitons \u00eatre \u00e0 la hauteur des enjeux \u00e9cologiques actuels. <\/p>\n\n\n\n<p class=\"wp-block-paragraph\">Worldline s\u2019active pour \u00eatre un\nacteur \u00ab&nbsp;green&nbsp;\u00bb sur le march\u00e9 des paiements. Elle m\u00e8ne de nombreuses\nactions positives et pourtant nous ne parvenons pas vraiment \u00e0 y croire. L\u2019absence\nd\u2019implication r\u00e9elle des salari\u00e9s sur ces enjeux, directement ou \u00e0 travers\nleurs repr\u00e9sentants, laisse une impression de d\u00e9connexion entre des actions\ntr\u00e8s globales et le foisonnement d\u2019alternatives responsables locales dont on ne\nse saisit pas. <\/p>\n\n\n\n<p class=\"wp-block-paragraph\">Il semble n\u00e9cessaire de progresser\nensemble afin de r\u00e9ussir \u00e0 s\u2019impr\u00e9gner collectivement d\u2019une logique responsable.\n&nbsp;Nous devons concilier une d\u00e9marche\nglobale et la construction de r\u00e9ponses aux probl\u00e9matiques et aux attentes des\nsalari\u00e9s sur nos diff\u00e9rents sites.<\/p>\n\n\n\n<p class=\"wp-block-paragraph\">Toute l\u2019\u00e9quipe CFTC<\/p>\n\n\n\n<p class=\"wp-block-paragraph\">Bien \u00e0 vous<br><\/p>\n\n\n\n<hr class=\"wp-block-separator\"\/>\n\n\n\n<p class=\"wp-block-paragraph\"><a href=\"#_ftnref1\">[1]<\/a> Document\nde r\u00e9f\u00e9rence Worldline 2018, p.83 et suivante<\/p>\n\n\n\n<p class=\"wp-block-paragraph\"><a href=\"#_ftnref2\">[2]<\/a> Ibid.<\/p>\n\n\n\n<p class=\"wp-block-paragraph\"><a href=\"#_ftnref3\">[3]<\/a> Document\nde r\u00e9f\u00e9rence Worldline 2018, p.85<\/p>\n\n\n\n<p class=\"wp-block-paragraph\"><a href=\"#_ftnref4\">[4]<\/a> <a href=\"https:\/\/www.un.org\/sustainabledevelopment\/fr\/objectifs-de-developpement-durable\/\">https:\/\/www.un.org\/sustainabledevelopment\/fr\/objectifs-de-developpement-durable\/<\/a><\/p>\n\n\n\n<p class=\"wp-block-paragraph\"><a href=\"#_ftnref5\">[5]<\/a> Voir par\nexemple les cons\u00e9quences globales du d\u00e9ploiement dans plus de 170\nstations-service Total et plus de 600 points de vente ind\u00e9pendants dans\nplusieurs pays africains de la plateforme Guichet Unique<\/p>\n\n\n\n<p class=\"wp-block-paragraph\"><a href=\"#_ftnref6\">[6]<\/a> Document\nde r\u00e9f\u00e9rence Worldline 2018, p.172<\/p>\n\n\n\n<p class=\"wp-block-paragraph\"><a href=\"#_ftnref7\">[7]<\/a> Ibid. Voir\n\u00e9galement p.174<\/p>\n\n\n\n<p class=\"wp-block-paragraph\"><a href=\"#_ftnref8\">[8]<\/a> Ibid.<\/p>\n\n\n\n<p class=\"wp-block-paragraph\"><a href=\"#_ftnref9\">[9]<\/a> Document\nde r\u00e9f\u00e9rence Worldline 2018, p.172<\/p>\n\n\n\n<p class=\"wp-block-paragraph\"><a href=\"#_ftnref10\">[10]<\/a> Ibid. Voir\n\u00e9galement p.177<\/p>\n\n\n\n<p class=\"wp-block-paragraph\"><a href=\"#_ftnref11\">[11]<\/a> Ibid.<\/p>\n\n\n\n<p class=\"wp-block-paragraph\"><a href=\"#_ftnref12\">[12]<\/a> Document\nde r\u00e9f\u00e9rence Worldline 2018, p.183<\/p>\n\n\n\n<p class=\"wp-block-paragraph\"><a href=\"#_ftnref13\">[13]<\/a> Ibid.<\/p>\n\n\n\n<p class=\"wp-block-paragraph\"><a href=\"#_ftnref14\">[14]<\/a> Document\nde r\u00e9f\u00e9rence Worldline 2018, p.186<\/p>\n","protected":false},"excerpt":{"rendered":"<p>Le document de r\u00e9f\u00e9rence 2018 innove en int\u00e9grant au c\u0153ur m\u00eame du rapport une partie copieuse sur la responsabilit\u00e9 sociale de l\u2019entreprise. Cette nouveaut\u00e9 est positive et traduit, nous semble-t-il, la volont\u00e9 de la Direction d\u2019entrem\u00ealer notre activit\u00e9 \u00e0 un d\u00e9veloppement durable et responsable. Nous ne souhaitons pas r\u00e9aliser une synth\u00e8se des informations du document [&hellip;]<\/p>\n","protected":false},"author":1,"featured_media":4083,"comment_status":"open","ping_status":"closed","sticky":false,"template":"","format":"standard","meta":{"_crdt_document":"","rop_custom_images_group":[],"rop_custom_messages_group":[],"rop_publish_now":"initial","rop_publish_now_accounts":[],"rop_publish_now_history":[],"rop_publish_now_status":"pending","footnotes":""},"categories":[337],"tags":[149,167,42],"class_list":["post-4081","post","type-post","status-publish","format-standard","has-post-thumbnail","hentry","category-doc-de-reference-2018","tag-document-reference","tag-ecologie","tag-rse"],"_links":{"self":[{"href":"https:\/\/cftc-atosworldline.fr\/wp\/wp-json\/wp\/v2\/posts\/4081","targetHints":{"allow":["GET"]}}],"collection":[{"href":"https:\/\/cftc-atosworldline.fr\/wp\/wp-json\/wp\/v2\/posts"}],"about":[{"href":"https:\/\/cftc-atosworldline.fr\/wp\/wp-json\/wp\/v2\/types\/post"}],"author":[{"embeddable":true,"href":"https:\/\/cftc-atosworldline.fr\/wp\/wp-json\/wp\/v2\/users\/1"}],"replies":[{"embeddable":true,"href":"https:\/\/cftc-atosworldline.fr\/wp\/wp-json\/wp\/v2\/comments?post=4081"}],"version-history":[{"count":5,"href":"https:\/\/cftc-atosworldline.fr\/wp\/wp-json\/wp\/v2\/posts\/4081\/revisions"}],"predecessor-version":[{"id":4088,"href":"https:\/\/cftc-atosworldline.fr\/wp\/wp-json\/wp\/v2\/posts\/4081\/revisions\/4088"}],"wp:featuredmedia":[{"embeddable":true,"href":"https:\/\/cftc-atosworldline.fr\/wp\/wp-json\/wp\/v2\/media\/4083"}],"wp:attachment":[{"href":"https:\/\/cftc-atosworldline.fr\/wp\/wp-json\/wp\/v2\/media?parent=4081"}],"wp:term":[{"taxonomy":"category","embeddable":true,"href":"https:\/\/cftc-atosworldline.fr\/wp\/wp-json\/wp\/v2\/categories?post=4081"},{"taxonomy":"post_tag","embeddable":true,"href":"https:\/\/cftc-atosworldline.fr\/wp\/wp-json\/wp\/v2\/tags?post=4081"}],"curies":[{"name":"wp","href":"https:\/\/api.w.org\/{rel}","templated":true}]}}