{"id":3833,"date":"2019-02-27T09:02:10","date_gmt":"2019-02-27T09:02:10","guid":{"rendered":"https:\/\/cftc-atosworldline.fr\/wp\/?p=3833"},"modified":"2019-03-27T09:08:08","modified_gmt":"2019-03-27T09:08:08","slug":"synthese-de-la-reunion-pleniere-du-ce-worldline-du-14-02","status":"publish","type":"post","link":"https:\/\/cftc-atosworldline.fr\/wp\/blog\/2019\/02\/27\/synthese-de-la-reunion-pleniere-du-ce-worldline-du-14-02\/","title":{"rendered":"Synth\u00e8se de la r\u00e9union pl\u00e9ni\u00e8re du CE Worldline du 14\/02"},"content":{"rendered":"\n<p class=\"wp-block-paragraph\">L\u2019actualit\u00e9 du dernier Comit\u00e9\nd\u2019Entreprise Worldline a \u00e9t\u00e9 un peu \u00e9clips\u00e9e par l\u2019annonce de la\n\u00ab&nbsp;s\u00e9paration&nbsp;\u00bb Atos \/ Worldline. Et pourtant diff\u00e9rents points\nimportants ont \u00e9t\u00e9 abord\u00e9s durant la r\u00e9union du 14 f\u00e9vrier 2019. Nous vous\nproposons aujourd\u2019hui une rapide synth\u00e8se critique. <\/p>\n\n\n\n<p class=\"wp-block-paragraph\">Tr\u00e8s bonne lecture&nbsp;!<\/p>\n\n\n\n<h1 class=\"wp-block-heading\">Sur la s\u00e9paration\nAtos \/ Worldline<\/h1>\n\n\n\n<p class=\"wp-block-paragraph\">Une petite couche d\u2019informations\nsuppl\u00e9mentaires sur ce sujet a \u00e9t\u00e9 distill\u00e9e lors de cette r\u00e9union pl\u00e9ni\u00e8re.&nbsp; Principalement des redites des r\u00e9unions\nextraordinaires pr\u00e9c\u00e9dentes.<\/p>\n\n\n\n<p class=\"wp-block-paragraph\">Si vous \u00eates un peu perdu, nous vous invitons \u00e0 lire <a href=\"https:\/\/cftc-atosworldline.fr\/wp\/blog\/2019\/02\/15\/des-precisions-sur-la-separation-atos-worldline\/\">notre analyse compl\u00e8te de ce projet<\/a>. <\/p>\n\n\n\n<h1 class=\"wp-block-heading\">Sur la\nr\u00e9organisation des \u00e9quipes PS<\/h1>\n\n\n\n<p class=\"wp-block-paragraph\">Le travail que l\u2019\u00e9quipe CFTC m\u00e8ne\nsur les relations entre les BU et les \u00e9quipes PS nous a permis de questionner\nen d\u00e9tail la Direction sur les orientations techniques strat\u00e9giques de nos\n\u00e9quipes Production Services. &nbsp;Une\npremi\u00e8re pr\u00e9sentation orale a \u00e9t\u00e9 r\u00e9alis\u00e9e il y a quelques semaines, sans nous\npermettre de comprendre finement la nature et les cons\u00e9quences de la petite\n\u00ab&nbsp;r\u00e9volution&nbsp;\u00bb interne qui se pr\u00e9pare dans les \u00e9quipes PS. <\/p>\n\n\n\n<p class=\"wp-block-paragraph\">Une pr\u00e9sentation d\u00e9taill\u00e9e devait\ndonc avoir lieu lors de la pl\u00e9ni\u00e8re de f\u00e9vrier. Malheureusement, aucun\nresponsable PS n\u2019\u00e9tait disponible pour assurer cette pr\u00e9sentation et r\u00e9pondre \u00e0\nl\u2019ensemble des questions de vos \u00e9lu-e-s. <\/p>\n\n\n\n<p class=\"wp-block-paragraph\">Dommage. Nous attendrons le mois\nprochain pour mieux comprendre ce que sera le \u00ab&nbsp;Competences Clood\nCenter&nbsp;\u00bb et comment les \u00e9quipes PS proposeront prochainement aux BU de\ntravailler en \u00ab&nbsp;full DevOps&nbsp;\u00bb. &nbsp;<\/p>\n\n\n\n<p class=\"wp-block-paragraph\">Il nous semble important\nd\u2019attirer votre attention sur l\u2019importance aujourd\u2019hui de r\u00e9ussir \u00e0 rendre\naudible nos souhaits et nos craintes. Vos repr\u00e9sentant-e-s CFTC sont vos portes\nparoles&nbsp;: c\u2019est ensemble que nous devons porter \u00e0 l\u2019oreille de la\nDirection notre mani\u00e8re de penser la collaboration entre les \u00e9quipes PS et BU.\nC\u2019est aujourd\u2019hui notre meilleure mani\u00e8re de peser pour une transformation\nharmonieuse de notre entreprise. <\/p>\n\n\n\n<p class=\"wp-block-paragraph\">N\u2019h\u00e9sitez pas \u00e0 nous contacter. <\/p>\n\n\n\n<h1 class=\"wp-block-heading\">Sur la libert\u00e9\nd\u2019expression des organisations syndicales<\/h1>\n\n\n\n<p class=\"wp-block-paragraph\">La libert\u00e9 d\u2019expression c\u2019est un\npeu notre dada \u00e0 la CFTC. On y tient comme \u00e0 la prunelle de nos yeux. Et\nmalheureusement, depuis plusieurs mois, la Direction a tendance \u00e0 venir\nl\u2019\u00e9corcher. &nbsp;Il nous a sembl\u00e9 opportun de\nporter ce sujet lors d\u2019une pl\u00e9ni\u00e8re du CE afin que tous ensemble nous\nr\u00e9affirmions l\u2019importance de la libert\u00e9 d\u2019expression des syndicalistes dans\nnotre entreprise.<\/p>\n\n\n\n<p class=\"wp-block-paragraph\">Rapide synth\u00e8se de cette petite\nhistoire&nbsp;!<\/p>\n\n\n\n<p class=\"wp-block-paragraph\">\u00c7a commence par une\nroutine&nbsp;qui s\u2019installe doucement lors de l\u2019envoi de nos communications\nsyndicales aux salari\u00e9s :<\/p>\n\n\n\n<p class=\"wp-block-paragraph\">Normalement le process est tout\nsimple&nbsp;: <\/p>\n\n\n\n<ul class=\"wp-block-list\"><li>L\u2019\u00e9quipe CFTC envoie sa communication \u00e0 la\nDirection<\/li><li>Puis la Direction envoie notre communication aux\nsalari\u00e9-e-s via un courriel<\/li><\/ul>\n\n\n\n<p class=\"wp-block-paragraph\">Un jeu d\u2019enfant. <\/p>\n\n\n\n<p class=\"wp-block-paragraph\">Dans la r\u00e9alit\u00e9, c\u2019est beaucoup\nplus laborieux&nbsp;:<\/p>\n\n\n\n<p class=\"wp-block-paragraph\">Apr\u00e8s avoir re\u00e7u notre\ncommunication, la Direction nous propose r\u00e9guli\u00e8rement des modifications. Que\nce soit des tournures, notre mani\u00e8re de pr\u00e9senter une information, des blagues,\nla Direction a pris le gout de vouloir r\u00e9\u00e9crire nos communications. Commence\nalors tout un vas et vient, o\u00f9 des versions de notre communication sont\n\u00e9chang\u00e9es entre la Direction et l\u2019\u00e9quipe CFTC. <\/p>\n\n\n\n<p class=\"wp-block-paragraph\">Le risque dans ce petit jeu est\nqu\u2019il traine en longueur jusqu\u2019\u00e0 ce que le moment de l\u2019envoi de notre\ncommunication perde en pertinence. C\u2019est par exemple ce qui arriva lors de\nl\u2019envoi de notre \u00ab&nbsp;<a href=\"https:\/\/cftc-atosworldline.fr\/wp\/blog\/2018\/12\/17\/lettre-ouverte-a-monsieur-breton\/\">Lettre ouverte \u00e0 Monsieur Breton<\/a>&nbsp;\u00bb. Notre\ncommunication fut transmise \u00e0 la Direction Atos et Worldline le lundi 17\nd\u00e9cembre pour un envoi aux salari\u00e9-e-s au plus tard le jeudi 20 d\u00e9cembre<a href=\"#_ftn1\">[1]<\/a>.\n&nbsp;C\u2019est d\u2019abord la Direction de Worldline qui nous proposa de modifier\ndiff\u00e9rentes choses. Quelques allers-retours plus tard, ce fut le tour de la\nDirection Atos de revenir \u00e0 la charge avec de nouvelles \u00ab&nbsp;coquilles&nbsp;\u00bb\n\u00e0 corriger. Finalement, notre communication fut transmise le vendredi 21\nd\u00e9cembre en fin d\u2019apr\u00e8s-midi avec 3 autres communications syndicales. Moralit\u00e9,\nnotre lettre au PDG d\u2019Atos n\u2019a pas \u00e9t\u00e9 lueL,\ntout le monde avait la t\u00eate dans ses futurs cadeaux \u2026<\/p>\n\n\n\n<p class=\"wp-block-paragraph\">L\u2019une des missions de l\u2019\u00e9quipe CFTC\nest de r\u00e9ussir \u00e0 rendre visible les r\u00e9alit\u00e9s des salari\u00e9-e-s, rendre audible\nvos souhaits, vos difficult\u00e9s. Et en m\u00eame temps, nous devons vous transmettre\ntoutes les informations glan\u00e9es dans les instances, partager nos analyses, les\nr\u00e9sultats de nos travaux, etc. S\u2019attaquer \u00e0 la libert\u00e9 d\u2019expression des\nsyndicalistes, c\u2019est donc \u00e0 la fois museler la parole des salari\u00e9-e-s, g\u00eaner la\ncirculation de l\u2019information et emp\u00eacher une appropriation collective du\ndevenir de notre entreprise. <\/p>\n\n\n\n<p class=\"wp-block-paragraph\">&nbsp;Ce n\u2019est donc pas rien. Nous avons profit\u00e9 de\ncet \u00e9change pour rappeler tout \u00e7a \u00e0 la Direction. Elle semblait d\u2019accord pour\nam\u00e9liorer sa mani\u00e8re de faire \u2026<\/p>\n\n\n\n<p class=\"wp-block-paragraph\">Histoire \u00e0 suivre.<\/p>\n\n\n\n<h1 class=\"wp-block-heading\">Sur les\nstatistiques de distribution des PIVA<\/h1>\n\n\n\n<p class=\"wp-block-paragraph\">Malheureusement, vos \u00e9lu-e-s du\nComit\u00e9 d\u2019Entreprise n\u2019ont toujours pas re\u00e7u les chiffres relatifs \u00e0 la\ndistribution des PIVA. <\/p>\n\n\n\n<h1 class=\"wp-block-heading\">Sur le futur\nlocal du CE \u00e0 Seclin<\/h1>\n\n\n\n<p class=\"wp-block-paragraph\">Nouveau rebondissement dans la\npetite histoire du local du Comit\u00e9 d\u2019Entreprise \u00e0 Seclin&nbsp;!<\/p>\n\n\n\n<p class=\"wp-block-paragraph\">Alors que tout semblait ficel\u00e9,\navec des jolis plans et un budget sympathique, le local du Comit\u00e9 d\u2019Entreprise\ndevrait finalement se retrouver en LP2, au RDC \u00e0 l\u2019emplacement des \u00e9quipes\nsupports. <\/p>\n\n\n\n<p class=\"wp-block-paragraph\">C\u2019est \u00e9videmment dommage car le\nprojet initial dans les Portacabines semblait nettement plus sympathique: on\npasse d\u2019un grand local CE, avec une grande salle d\u2019activit\u00e9s (Cours de yoga,\nmidi jeux, etc.) et une petite (Les petites mains agiles) \u00e0 un local de 100 m2.<\/p>\n\n\n\n<p class=\"wp-block-paragraph\">L\u2019abandon du projet initial est\nli\u00e9 au souhait du propri\u00e9taire du terrain sur lequel sont install\u00e9es les\nPortacabines de le r\u00e9cup\u00e9rer. Nous esp\u00e9rons n\u00e9anmoins que la Direction r\u00e9ussira\n\u00e0 lib\u00e9rer des espaces suppl\u00e9mentaires pour le Comit\u00e9 d\u2019Entreprise et les\nsalari\u00e9-e-s.<\/p>\n\n\n\n<p class=\"wp-block-paragraph\">A suivre.<\/p>\n\n\n\n<h1 class=\"wp-block-heading\">Sur l\u2019\u00e9galit\u00e9\nprofessionnelle chez Worldline<\/h1>\n\n\n\n<p class=\"wp-block-paragraph\">Le Comit\u00e9 d\u2019Entreprise a mandat\u00e9\nle cabinet Sextant afin de l\u2019assister dans le cadre de sa consultation sur la\npolitique sociale. Le cabinet a pr\u00e9sent\u00e9 son rapport au Comit\u00e9 d\u2019Entreprise qui\ncontient de nombreuses informations int\u00e9ressantes sur l\u2019\u00e9galit\u00e9 professionnelle\net les ressorts des in\u00e9galit\u00e9s. Le sujet \u00e9tant copieux, nous vous proposerons\nprochainement une analyse d\u00e9di\u00e9e.<\/p>\n\n\n\n<p class=\"wp-block-paragraph\">La prochaine r\u00e9union du Comit\u00e9 d\u2019Entreprise\nse d\u00e9roulera le 20 mars \u00e0 Seclin. Des questions&nbsp;? Des sujets \u00e0 traiter&nbsp;?\nToute l\u2019\u00e9quipe CFTC est l\u00e0 pour vous \u00e9couter et vous r\u00e9pondre. <\/p>\n\n\n\n<p class=\"wp-block-paragraph\">Bien \u00e0 vous<br><\/p>\n\n\n\n<hr class=\"wp-block-separator\"\/>\n\n\n\n<p class=\"wp-block-paragraph\"><a href=\"#_ftnref1\">[1]<\/a> Notre\naccord de droit syndical laisse en effet 3 jours \u00e0 la Direction pour\ntransmettre une communication syndicale aux salari\u00e9-e-s<\/p>\n","protected":false},"excerpt":{"rendered":"<p>L\u2019actualit\u00e9 du dernier Comit\u00e9 d\u2019Entreprise Worldline a \u00e9t\u00e9 un peu \u00e9clips\u00e9e par l\u2019annonce de la \u00ab&nbsp;s\u00e9paration&nbsp;\u00bb Atos \/ Worldline. Et pourtant diff\u00e9rents points importants ont \u00e9t\u00e9 abord\u00e9s durant la r\u00e9union du 14 f\u00e9vrier 2019. Nous vous proposons aujourd\u2019hui une rapide synth\u00e8se critique. Tr\u00e8s bonne lecture&nbsp;! Sur la s\u00e9paration Atos \/ Worldline Une petite couche d\u2019informations [&hellip;]<\/p>\n","protected":false},"author":1,"featured_media":2755,"comment_status":"open","ping_status":"closed","sticky":false,"template":"","format":"standard","meta":{"_crdt_document":"","rop_custom_images_group":[],"rop_custom_messages_group":[],"rop_publish_now":"initial","rop_publish_now_accounts":[],"rop_publish_now_history":[],"rop_publish_now_status":"pending","footnotes":""},"categories":[85],"tags":[185,106,316,50,318,319],"class_list":["post-3833","post","type-post","status-publish","format-standard","has-post-thumbnail","hentry","category-ce","tag-atos","tag-censure","tag-devops","tag-egalite-pro","tag-liberte","tag-local"],"_links":{"self":[{"href":"https:\/\/cftc-atosworldline.fr\/wp\/wp-json\/wp\/v2\/posts\/3833","targetHints":{"allow":["GET"]}}],"collection":[{"href":"https:\/\/cftc-atosworldline.fr\/wp\/wp-json\/wp\/v2\/posts"}],"about":[{"href":"https:\/\/cftc-atosworldline.fr\/wp\/wp-json\/wp\/v2\/types\/post"}],"author":[{"embeddable":true,"href":"https:\/\/cftc-atosworldline.fr\/wp\/wp-json\/wp\/v2\/users\/1"}],"replies":[{"embeddable":true,"href":"https:\/\/cftc-atosworldline.fr\/wp\/wp-json\/wp\/v2\/comments?post=3833"}],"version-history":[{"count":2,"href":"https:\/\/cftc-atosworldline.fr\/wp\/wp-json\/wp\/v2\/posts\/3833\/revisions"}],"predecessor-version":[{"id":3835,"href":"https:\/\/cftc-atosworldline.fr\/wp\/wp-json\/wp\/v2\/posts\/3833\/revisions\/3835"}],"wp:featuredmedia":[{"embeddable":true,"href":"https:\/\/cftc-atosworldline.fr\/wp\/wp-json\/wp\/v2\/media\/2755"}],"wp:attachment":[{"href":"https:\/\/cftc-atosworldline.fr\/wp\/wp-json\/wp\/v2\/media?parent=3833"}],"wp:term":[{"taxonomy":"category","embeddable":true,"href":"https:\/\/cftc-atosworldline.fr\/wp\/wp-json\/wp\/v2\/categories?post=3833"},{"taxonomy":"post_tag","embeddable":true,"href":"https:\/\/cftc-atosworldline.fr\/wp\/wp-json\/wp\/v2\/tags?post=3833"}],"curies":[{"name":"wp","href":"https:\/\/api.w.org\/{rel}","templated":true}]}}