{"id":381,"date":"2015-10-22T13:21:22","date_gmt":"2015-10-22T13:21:22","guid":{"rendered":"https:\/\/cftc-atosworldline.fr\/wp\/?p=381"},"modified":"2015-10-22T13:25:36","modified_gmt":"2015-10-22T13:25:36","slug":"laccord-relatif-a-legalite-entre-les-femmes-et-les-hommes-au-sein-de-lues-worldline","status":"publish","type":"post","link":"https:\/\/cftc-atosworldline.fr\/wp\/blog\/2015\/10\/22\/laccord-relatif-a-legalite-entre-les-femmes-et-les-hommes-au-sein-de-lues-worldline\/","title":{"rendered":"L&#8217;accord relatif \u00e0 l&#8217;\u00e9galit\u00e9 entre les femmes et les hommes au sein de l&#8217;UES Worldline"},"content":{"rendered":"<p>Nous mettons \u00e0 votre disposition le texte sign\u00e9 \u00e0 l\u2019unanimit\u00e9 des organisations syndicales repr\u00e9sentatives de l\u2019UES Worldline de l\u2019accord relatif \u00e0 l&#8217;\u00e9galit\u00e9 entre les femmes et les hommes au sein de l&#8217;UES Worldline.<\/p>\n<p>L&#8217;accord est t\u00e9l\u00e9chargeable en suivant le lien suivant: <a href=\"https:\/\/cftc-atosworldline.fr\/wp\/wp-content\/uploads\/2015\/10\/ACCORD-EGALITE-PROFESSIONNELLE-H-F-WL-UES-WORLDLINE-2015.doc\"> Accord \u00e9galit\u00e9 professionnelle entre les hommes et les femmes au sein de l&#8217;UES Worldline<\/a>.<br \/>\n<!--more--><br \/>\nNous pr\u00e9sentons les diff\u00e9rents points importants de l&#8217;accord dans <a href=\"https:\/\/cftc-atosworldline.fr\/wp\/?p=276\">le post suivant<\/a>, et nous analysons l&#8217;accord de mani\u00e8re plus critique dans <a href=\"https:\/\/cftc-atosworldline.fr\/wp\/?p=368\">notre derni\u00e8re communication syndicale<\/a>.  <\/p>\n<p>Toute l&#8217;\u00e9quipe de la CFTC \u0153uvrera \u00e0 l&#8217;application de cet accord et \u00e0 l&#8217;am\u00e9lioration de l&#8217;\u00e9galit\u00e9 entre les hommes et les femmes.<br \/>\nNous sommes \u00e0 votre disposition pour r\u00e9pondre \u00e0 l&#8217;ensemble de vos questions<\/p>\n<p>Amicalement<\/p>\n","protected":false},"excerpt":{"rendered":"<p>Nous mettons \u00e0 votre disposition le texte sign\u00e9 \u00e0 l\u2019unanimit\u00e9 des organisations syndicales repr\u00e9sentatives de l\u2019UES Worldline de l\u2019accord relatif \u00e0 l&#8217;\u00e9galit\u00e9 entre les femmes et les hommes au sein de l&#8217;UES Worldline. L&#8217;accord est t\u00e9l\u00e9chargeable en suivant le lien suivant: Accord \u00e9galit\u00e9 professionnelle entre les hommes et les femmes au sein de l&#8217;UES Worldline.<\/p>\n","protected":false},"author":1,"featured_media":384,"comment_status":"open","ping_status":"open","sticky":false,"template":"","format":"standard","meta":{"_crdt_document":"","rop_custom_images_group":[],"rop_custom_messages_group":[],"rop_publish_now":"initial","rop_publish_now_accounts":[],"rop_publish_now_history":[],"rop_publish_now_status":"pending","footnotes":""},"categories":[21],"tags":[50,48],"class_list":["post-381","post","type-post","status-publish","format-standard","has-post-thumbnail","hentry","category-egalite-professionnelle","tag-egalite-pro","tag-revendication"],"_links":{"self":[{"href":"https:\/\/cftc-atosworldline.fr\/wp\/wp-json\/wp\/v2\/posts\/381","targetHints":{"allow":["GET"]}}],"collection":[{"href":"https:\/\/cftc-atosworldline.fr\/wp\/wp-json\/wp\/v2\/posts"}],"about":[{"href":"https:\/\/cftc-atosworldline.fr\/wp\/wp-json\/wp\/v2\/types\/post"}],"author":[{"embeddable":true,"href":"https:\/\/cftc-atosworldline.fr\/wp\/wp-json\/wp\/v2\/users\/1"}],"replies":[{"embeddable":true,"href":"https:\/\/cftc-atosworldline.fr\/wp\/wp-json\/wp\/v2\/comments?post=381"}],"version-history":[{"count":7,"href":"https:\/\/cftc-atosworldline.fr\/wp\/wp-json\/wp\/v2\/posts\/381\/revisions"}],"predecessor-version":[{"id":391,"href":"https:\/\/cftc-atosworldline.fr\/wp\/wp-json\/wp\/v2\/posts\/381\/revisions\/391"}],"wp:featuredmedia":[{"embeddable":true,"href":"https:\/\/cftc-atosworldline.fr\/wp\/wp-json\/wp\/v2\/media\/384"}],"wp:attachment":[{"href":"https:\/\/cftc-atosworldline.fr\/wp\/wp-json\/wp\/v2\/media?parent=381"}],"wp:term":[{"taxonomy":"category","embeddable":true,"href":"https:\/\/cftc-atosworldline.fr\/wp\/wp-json\/wp\/v2\/categories?post=381"},{"taxonomy":"post_tag","embeddable":true,"href":"https:\/\/cftc-atosworldline.fr\/wp\/wp-json\/wp\/v2\/tags?post=381"}],"curies":[{"name":"wp","href":"https:\/\/api.w.org\/{rel}","templated":true}]}}