{"id":2948,"date":"2018-11-13T10:28:43","date_gmt":"2018-11-13T10:28:43","guid":{"rendered":"https:\/\/cftc-atosworldline.fr\/wp\/?p=2948"},"modified":"2019-01-25T16:58:57","modified_gmt":"2019-01-25T16:58:57","slug":"linnovation-contre-le-progres","status":"publish","type":"post","link":"https:\/\/cftc-atosworldline.fr\/wp\/blog\/2018\/11\/13\/linnovation-contre-le-progres\/","title":{"rendered":"L&#8217;innovation contre le progr\u00e8s"},"content":{"rendered":"<p>Bonjour \u00e0 tous !<\/p>\n<p>Afin d\u2019enrichir notre r\u00e9flexion, nos \u00e9changes et notre travail syndical, nous vous proposerons r\u00e9guli\u00e8rement des vid\u00e9os et des conf\u00e9rences qui nous semblent pertinentes.<\/p>\n<p>Cette semaine, nous vous proposons de r\u00e9fl\u00e9chir ensemble sur une s\u00e9rie d&#8217;\u00e9mission de France Culture consacr\u00e9e au progr\u00e8s et \u00e0 l&#8217;innovation.<\/p>\n<div class=\"heading-zone-title\">&#8220;L&#8217;innovation contre le progr\u00e8s&#8221; pour commence : L\u2019innovation a le vent en poupe, bien aid\u00e9e par le d\u00e9veloppement des nouvelles technologies ; cet essor est-il li\u00e9 au d\u00e9clin du mot \u00ab progr\u00e8s \u00bb, qui a pourtant, pendant des si\u00e8cles, tir\u00e9 les Hommes vers l\u2019avenir ? De quoi le progr\u00e8s est-il donc malade ?<\/div>\n<div><\/div>\n<div>Tr\u00e8s bonne \u00e9coute<\/div>\n<div>Toute l&#8217;\u00e9quipe CFTC<\/div>\n","protected":false},"excerpt":{"rendered":"<p>Bonjour \u00e0 tous ! Afin d\u2019enrichir notre r\u00e9flexion, nos \u00e9changes et notre travail syndical, nous vous proposerons r\u00e9guli\u00e8rement des vid\u00e9os et des conf\u00e9rences qui nous semblent pertinentes. Cette semaine, nous vous proposons de r\u00e9fl\u00e9chir ensemble sur une s\u00e9rie d&#8217;\u00e9mission de France Culture consacr\u00e9e au progr\u00e8s et \u00e0 l&#8217;innovation. &#8220;L&#8217;innovation contre le progr\u00e8s&#8221; pour commence : [&hellip;]<\/p>\n","protected":false},"author":1,"featured_media":2949,"comment_status":"open","ping_status":"closed","sticky":false,"template":"","format":"audio","meta":{"_crdt_document":"","rop_custom_images_group":[],"rop_custom_messages_group":[],"rop_publish_now":"initial","rop_publish_now_accounts":[],"rop_publish_now_history":[],"rop_publish_now_status":"pending","footnotes":""},"categories":[5],"tags":[260,259,293],"class_list":["post-2948","post","type-post","status-publish","format-audio","has-post-thumbnail","hentry","category-idees","tag-audio","tag-conference","tag-innovation","post_format-post-format-audio"],"_links":{"self":[{"href":"https:\/\/cftc-atosworldline.fr\/wp\/wp-json\/wp\/v2\/posts\/2948","targetHints":{"allow":["GET"]}}],"collection":[{"href":"https:\/\/cftc-atosworldline.fr\/wp\/wp-json\/wp\/v2\/posts"}],"about":[{"href":"https:\/\/cftc-atosworldline.fr\/wp\/wp-json\/wp\/v2\/types\/post"}],"author":[{"embeddable":true,"href":"https:\/\/cftc-atosworldline.fr\/wp\/wp-json\/wp\/v2\/users\/1"}],"replies":[{"embeddable":true,"href":"https:\/\/cftc-atosworldline.fr\/wp\/wp-json\/wp\/v2\/comments?post=2948"}],"version-history":[{"count":1,"href":"https:\/\/cftc-atosworldline.fr\/wp\/wp-json\/wp\/v2\/posts\/2948\/revisions"}],"predecessor-version":[{"id":2950,"href":"https:\/\/cftc-atosworldline.fr\/wp\/wp-json\/wp\/v2\/posts\/2948\/revisions\/2950"}],"wp:featuredmedia":[{"embeddable":true,"href":"https:\/\/cftc-atosworldline.fr\/wp\/wp-json\/wp\/v2\/media\/2949"}],"wp:attachment":[{"href":"https:\/\/cftc-atosworldline.fr\/wp\/wp-json\/wp\/v2\/media?parent=2948"}],"wp:term":[{"taxonomy":"category","embeddable":true,"href":"https:\/\/cftc-atosworldline.fr\/wp\/wp-json\/wp\/v2\/categories?post=2948"},{"taxonomy":"post_tag","embeddable":true,"href":"https:\/\/cftc-atosworldline.fr\/wp\/wp-json\/wp\/v2\/tags?post=2948"}],"curies":[{"name":"wp","href":"https:\/\/api.w.org\/{rel}","templated":true}]}}