{"id":2818,"date":"2018-10-03T10:04:43","date_gmt":"2018-10-03T10:04:43","guid":{"rendered":"https:\/\/cftc-atosworldline.fr\/wp\/?p=2818"},"modified":"2018-10-03T10:13:35","modified_gmt":"2018-10-03T10:13:35","slug":"cest-le-moment-dutiliser-votre-cpf","status":"publish","type":"post","link":"https:\/\/cftc-atosworldline.fr\/wp\/blog\/2018\/10\/03\/cest-le-moment-dutiliser-votre-cpf\/","title":{"rendered":"C\u2019est le moment \u2026 d\u2019utiliser votre CPF"},"content":{"rendered":"<p style=\"text-align: justify;\">R\u00e9forme de la formation professionnelle, disparition prochaine de vos heures de DIF (Droit Individuel \u00e0 la Formation), queue de budget de fin d\u2019ann\u00e9e, on vous donne toutes les raisons de profiter d\u00e8s maintenant de votre Compte Personnel de Formation (CPF) et les mani\u00e8res de vous former gr\u00e2ce \u00e0 ce dispositif.<\/p>\n<p style=\"text-align: justify;\">Tr\u00e8s bonne lecture!<\/p>\n<p style=\"text-align: justify;\"><!--more--><\/p>\n<h1 style=\"text-align: justify;\">Pourquoi utiliser d\u00e8s maintenant votre CPF?<\/h1>\n<h2 style=\"text-align: justify;\">Car la r\u00e9forme de la formation professionnelle va durcir son utilisation en 2019<\/h2>\n<p style=\"text-align: justify;\">La r\u00e9forme de la formation professionnelle ambitionne de \u00ab\u00a0poser les jalons d\u2019une nouvelle soci\u00e9t\u00e9 de comp\u00e9tences\u00a0\u00bb. C\u2019est tr\u00e8s beau sur le papier mais dans la r\u00e9alit\u00e9 cela risque de compliquer l\u2019usage du CPF pour les salari\u00e9s d\u2019Atos et de Worldline.<\/p>\n<p style=\"text-align: justify;\">Une raison principale :<\/p>\n<p style=\"text-align: justify;\"><strong>Un d\u00e9compte des droits en euros et non plus en heure<\/strong><\/p>\n<p style=\"text-align: justify;\">Aujourd\u2019hui, votre CPF est aliment\u00e9 en heure \u00e0 hauteur de 24 heures par an dans la limite de 120 heures puis de 12 heures par an dans la limite de 150 heures.<\/p>\n<p style=\"text-align: justify;\">Le plafond moyen de prise en charge des OPCA<a href=\"#_ftn1\" name=\"_ftnref1\">[1]<\/a> (Organisme Paritaire Collecteur Agr\u00e9\u00e9) lors d\u2019une demande de formation est d\u2019environ 40\u20ac. Le FAFIEC<a href=\"#_ftn2\" name=\"_ftnref2\">[2]<\/a> (L\u2019OPCA rattach\u00e9 \u00e0 Worldline) est particuli\u00e8rement g\u00e9n\u00e9reux et nous permet de r\u00e9aliser des formations dans de tr\u00e8s bonnes conditions.<\/p>\n<p style=\"text-align: justify;\">Avec 150 heures dans vos compteurs aujourd\u2019hui, un projet de formation avoisinant les 6000\u20ac sera r\u00e9guli\u00e8rement accept\u00e9. Cela vous laisse une bonne marge de man\u0153uvre sur la forme, la dur\u00e9e et le contenu de votre formation. C\u2019est \u00e9videmment tr\u00e8s appr\u00e9ciable, et tout particuli\u00e8rement pour des formations techniques qui peuvent rapidement couter ch\u00e8re.<\/p>\n<p style=\"text-align: justify;\">Demain que va-t-il se passer\u00a0? Le d\u00e9cret n\u2019est pas encore pass\u00e9 mais d\u2019apr\u00e8s notre Ministre, Murielle P\u00e9nicaud, les heures acquises au titre du CPF et du droit individuel \u00e0 la formation (DIF) devraient \u00eatre valoris\u00e9es \u00e0 hauteur de 14.28\u20ac chacune.<\/p>\n<p style=\"text-align: justify;\">C\u2019est moins sympa\u00a0! De 6000\u20ac de budget on chute \u00e0 un peu plus de 2000\u20ac \ud83d\ude41\u00a0 Autrement dit, moins de moyens pour vous former d\u00e8s 2019.<\/p>\n<p>Pourquoi pas alors profiter de votre CPF en 2018?<\/p>\n<h1 style=\"text-align: justify;\">Comment utiliser votre CPF\u00a0?<\/h1>\n<p style=\"text-align: justify;\">C\u2019est tr\u00e8s simple, si vous vous d\u00e9p\u00eachez vous pouvez encore profiter de votre CPF en 2018 !<\/p>\n<h2 style=\"text-align: justify;\">Trouver une formation<\/h2>\n<p style=\"text-align: justify;\">C\u2019est la premi\u00e8re chose\u00a0\u00e0 faire : prendre contact avec une boite de formation, jeter un \u0153il \u00e0 leurs programmes, discuter avec eux jusqu\u2019\u00e0 \u00e9tablir votre projet de formation. Vous aurez alors en main un devis et un programme de formation qui seront n\u00e9cessaires pour la suite.<\/p>\n<p style=\"text-align: justify;\">Pour les formations de langue (Anglais, Espagnol, Italien, etc.), <a href=\"https:\/\/www.ef.fr\/lsp\/destinations\/\" target=\"_blank\" rel=\"noopener\">l&#8217;entreprise EF<\/a>, avec laquelle travaille Worldline, est tr\u00e8s r\u00e9active. Vous pouvez en quelques heures monter un dossier pour une formation en immertion \u00e0 l&#8217;\u00e9tranger.<\/p>\n<h2 style=\"text-align: justify;\">Faire une demande de formation sur le site du CPF<\/h2>\n<p style=\"text-align: justify;\">Vous devez ensuite faire une demande sur le site <a href=\"https:\/\/www.moncompteactivite.gouv.fr\/cpa-public\/\" target=\"_blank\" rel=\"noopener\">www.moncompteactivite.gouv.fr<\/a>.<\/p>\n<p style=\"text-align: justify;\">Ce n\u2019est pas tr\u00e8s compliqu\u00e9\u00a0:<\/p>\n<ul style=\"text-align: justify;\">\n<li>D\u2019abord retrouvez la formation en vous aidant de l\u2019identifiant indiqu\u00e9 dans votre devis<\/li>\n<li>Puis remplir quelques informations sur votre projet et votre entreprise.\n<ul>\n<li>Le num\u00e9ro de SIRET de votre entreprise se retrouve facilement en ligne ou sur votre fiche de paie (Pour Worldline\u00a0: 37890194600590)<\/li>\n<li>Votre convention collective et votre num\u00e9ro APE sont \u00e9galement indiqu\u00e9s sur votre fiche de paie (Pour Worldline\u00a0: 6202A)<\/li>\n<li>Une utilisation de votre CPF sur votre temps personnel augmentera les chances de r\u00e9ussite de votre projet \u00e9tant donn\u00e9 les d\u00e9lais assez courts<\/li>\n<\/ul>\n<\/li>\n<li>Une fois votre demande valid\u00e9e, conservez bien le num\u00e9ro de votre dossier qui sera n\u00e9cessaire pour la suite<\/li>\n<\/ul>\n<h2 style=\"text-align: justify;\">Faire une demande de financement aupr\u00e8s de votre OPCA<\/h2>\n<p style=\"text-align: justify;\">Vous pouvez r\u00e9cup\u00e9rer <a href=\"https:\/\/moncpf.fafiec.fr\/salarie\/financer-votre-projet-mode-d-emploi.html\" target=\"_blank\" rel=\"noopener\">un dossier en ligne<\/a>, que vous devez remplir puis renvoyer par courrier \u00e0 votre OPCA.<\/p>\n<p style=\"text-align: justify;\">Les informations demand\u00e9es sont proches de celles renseign\u00e9es \u00e0 l\u2019\u00e9tape pr\u00e9c\u00e9dente.<\/p>\n<p style=\"text-align: justify;\">Si vous avez le moindre probl\u00e8me, n\u2019h\u00e9sitez pas contacter votre OPCA, ils sont souvent tr\u00e8s r\u00e9actifs et tr\u00e8s pr\u00e9cis dans leurs informations\u00a0:<\/p>\n<p style=\"text-align: justify;\">Pour les salari\u00e9s de Worldline\u00a0et certains salari\u00e9s du Groupe ATOS votre OPCA est le FAFIEC\u00a0:<\/p>\n<ul style=\"text-align: justify;\">\n<li>Par t\u00e9l\u00e9phone\u00a0: 01.43.46.01.30<\/li>\n<li>Par courrier : Fafiec, 25 quai Panhard et Levassor, 75013 PARIS<\/li>\n<\/ul>\n<p style=\"text-align: justify;\">Pour les salari\u00e9s du Groupe ATOS d\u00e9pendant de la convention collective de la m\u00e9tallurgie\u00a0:<\/p>\n<p style=\"text-align: justify;\">Votre OPCA est l\u2019OPCAIM\u00a0:<\/p>\n<ul style=\"text-align: justify;\">\n<li>Retrouvez <a href=\"http:\/\/www.opcaim.com\/Adefim\">vos interlocuteurs de proximit\u00e9<\/a> en ligne<\/li>\n<\/ul>\n<p style=\"text-align: justify;\">La validation des dossiers par les OPCA prend en g\u00e9n\u00e9ral 6 semaines. Un peu de patience \u2026<\/p>\n<h1 style=\"text-align: justify;\">Des questions<\/h1>\n<p style=\"text-align: justify;\">Toute l\u2019\u00e9quipe CFTC est l\u00e0 pour vous r\u00e9pondre \ud83d\ude42<\/p>\n<p style=\"text-align: justify;\">Bien \u00e0 vous<\/p>\n<hr \/>\n<p style=\"text-align: justify;\"><a href=\"#_ftnref1\" name=\"_ftn1\">[1]<\/a> Les OPCA collectent les obligations financi\u00e8res des entreprises en mati\u00e8re de formation qu\u2019ils utilisent pour proposer et financer des services aupr\u00e8s des salari\u00e9s et des entreprises<\/p>\n<p style=\"text-align: justify;\"><a href=\"#_ftnref2\" name=\"_ftn2\">[2]<\/a> OPCA rattach\u00e9 \u00e0 la branche professionnelle des m\u00e9tiers des services en informatique qui collecte les obligations financi\u00e8res de Worldline par exemple<\/p>\n","protected":false},"excerpt":{"rendered":"<p>R\u00e9forme de la formation professionnelle, disparition prochaine de vos heures de DIF (Droit Individuel \u00e0 la Formation), queue de budget de fin d\u2019ann\u00e9e, on vous donne toutes les raisons de profiter d\u00e8s maintenant de votre Compte Personnel de Formation (CPF) et les mani\u00e8res de vous former gr\u00e2ce \u00e0 ce dispositif. Tr\u00e8s bonne lecture!<\/p>\n","protected":false},"author":1,"featured_media":2819,"comment_status":"open","ping_status":"closed","sticky":false,"template":"","format":"standard","meta":{"_crdt_document":"","rop_custom_images_group":[],"rop_custom_messages_group":[],"rop_publish_now":"initial","rop_publish_now_accounts":[],"rop_publish_now_history":[],"rop_publish_now_status":"pending","footnotes":""},"categories":[283],"tags":[172,53,213],"class_list":["post-2818","post","type-post","status-publish","format-standard","has-post-thumbnail","hentry","category-cest-le-moment","tag-cpf","tag-formation","tag-slider"],"_links":{"self":[{"href":"https:\/\/cftc-atosworldline.fr\/wp\/wp-json\/wp\/v2\/posts\/2818","targetHints":{"allow":["GET"]}}],"collection":[{"href":"https:\/\/cftc-atosworldline.fr\/wp\/wp-json\/wp\/v2\/posts"}],"about":[{"href":"https:\/\/cftc-atosworldline.fr\/wp\/wp-json\/wp\/v2\/types\/post"}],"author":[{"embeddable":true,"href":"https:\/\/cftc-atosworldline.fr\/wp\/wp-json\/wp\/v2\/users\/1"}],"replies":[{"embeddable":true,"href":"https:\/\/cftc-atosworldline.fr\/wp\/wp-json\/wp\/v2\/comments?post=2818"}],"version-history":[{"count":7,"href":"https:\/\/cftc-atosworldline.fr\/wp\/wp-json\/wp\/v2\/posts\/2818\/revisions"}],"predecessor-version":[{"id":2826,"href":"https:\/\/cftc-atosworldline.fr\/wp\/wp-json\/wp\/v2\/posts\/2818\/revisions\/2826"}],"wp:featuredmedia":[{"embeddable":true,"href":"https:\/\/cftc-atosworldline.fr\/wp\/wp-json\/wp\/v2\/media\/2819"}],"wp:attachment":[{"href":"https:\/\/cftc-atosworldline.fr\/wp\/wp-json\/wp\/v2\/media?parent=2818"}],"wp:term":[{"taxonomy":"category","embeddable":true,"href":"https:\/\/cftc-atosworldline.fr\/wp\/wp-json\/wp\/v2\/categories?post=2818"},{"taxonomy":"post_tag","embeddable":true,"href":"https:\/\/cftc-atosworldline.fr\/wp\/wp-json\/wp\/v2\/tags?post=2818"}],"curies":[{"name":"wp","href":"https:\/\/api.w.org\/{rel}","templated":true}]}}