{"id":2744,"date":"2018-09-04T16:11:00","date_gmt":"2018-09-04T16:11:00","guid":{"rendered":"https:\/\/cftc-atosworldline.fr\/wp\/?p=2744"},"modified":"2018-09-06T14:10:55","modified_gmt":"2018-09-06T14:10:55","slug":"le-quiz-de-la-rentree","status":"publish","type":"post","link":"https:\/\/cftc-atosworldline.fr\/wp\/blog\/2018\/09\/04\/le-quiz-de-la-rentree\/","title":{"rendered":"Le quiz de la rentr\u00e9e"},"content":{"rendered":"<p>C\u2019est la rentr\u00e9e, certains trainent un peu les pieds, la t\u00eate encore au bord de l\u2019eau, d\u2019autres sont tout excit\u00e9s. Pour reprendre en douceur et pour plaire aux uns et aux autres, nous vous proposons un petit quizz. En jouant le jeu, vous devriez glaner des informations croustillantes sur nos dirigeants, sur nos droits et sur l\u2019absurdit\u00e9 qui est au c\u0153ur parfois de notre organisation.<\/p>\n<p>Tr\u00e8s bonne lecture\u00a0!<\/p>\n<h3>Question n\u00b01<a href=\"#_ftn1\" name=\"_ftnref1\">[1]<\/a>\u00a0: Durant l\u2019ann\u00e9e 2017, Monsieur Breton est all\u00e9 2 fois au march\u00e9 pour y faire ses emplettes, il en a profit\u00e9 pour\u00a0:<\/h3>\n<ul>\n<li>Acheter quelques \u0153ufs et du fromage car il adore les omelettes bien baveuses<\/li>\n<li>Que nenni\u00a0! Pas de march\u00e9 pour Monsieur Breton, son cuistot seulement se m\u00eale \u00e0 la pl\u00e8be\u00a0!<\/li>\n<li>Le 22 f\u00e9vrier, il a profit\u00e9 de son passage au march\u00e9 pour vendre 59\u00a0000 actions Atos \u00e0 un prix unitaire de 108\u20ac. Le 16 novembre, rebelote, il vend 63\u00a0811 actions \u00e0 un prix de 126\u20ac chacune. De quoi mettre un peu de truffe dans son omelette \u2026<\/li>\n<\/ul>\n<h3>Question n\u00b02\u00a0: Pour faire quelques \u00e9conomies de m\u00e9nage dans ses locaux, la Direction Worldline propose r\u00e9guli\u00e8rement les actions suivantes\u00a0:<\/h3>\n<ul>\n<li>Supprimer les tables des bureaux<\/li>\n<li>Supprimer les poubelles individuelles<\/li>\n<li>Ne plus faire le m\u00e9nage<\/li>\n<\/ul>\n<h3>Question n\u00b03\u00a0: Monsieur Grapinet a lui aussi profit\u00e9 de l\u2019ann\u00e9e 2017 pour faire quelques courses\u00a0:<\/h3>\n<ul>\n<li>Acheter un \u00ab\u00a0air freshener\u00a0\u00bb \u00e0 l\u2019eucalyptus apr\u00e8s avoir malencontreusement oubli\u00e9 son sac de polo apr\u00e8s un match endiabl\u00e9 dans sa Porsche Carrera 4S<\/li>\n<li>Que nenni\u00a0! Pas de march\u00e9 pour Monsieur Grapinet, c\u2019est Monsieur Breton qui ach\u00e8te les \u0153ufs et lui pr\u00e9pare l\u2019omelette<\/li>\n<li>Le 14 mars \u00e0 l\u2019aube, il a lev\u00e9 20 000 options d&#8217;achat d&#8217;actions ATOS datant de 2008 pour un prix unitaire d\u2019environ 20\u20ac, qu\u2019il revendra un peu plus tard dans la journ\u00e9e \u00e0 un prix plus sympathique de 111\u20ac. Le lendemain, 15 mars, il r\u00e9it\u00e8re la bonne op\u00e9ration de la veille pour un total de 7500 actions.<\/li>\n<\/ul>\n<h3>Question n\u00b04\u00a0: La Direction rencontrant des difficult\u00e9s pour atteindre ses objectifs met en place un plan d\u2019action\u00a0:<\/h3>\n<ul>\n<li>Elle g\u00e8le partiellement les d\u00e9placements des salari\u00e9s<\/li>\n<li>Elle annule les r\u00e9unions g\u00e9n\u00e9rales<\/li>\n<li>Elle ne paye pas ses fournisseurs en temps et en heure<\/li>\n<li>Toutes les r\u00e9ponses pr\u00e9c\u00e9dentes<\/li>\n<\/ul>\n<h3>Question n\u00b05\u00a0: Apr\u00e8s avoir sirot\u00e9 toutes les bi\u00e8res de mon frigo<a href=\"#_ftn2\" name=\"_ftnref2\">[2]<\/a>, ma derni\u00e8re PIVA m\u2019a permis de refaire le plein.\u00a0 Mon big boss de son c\u00f4t\u00e9\u00a0a profit\u00e9 de ses primes pour :<\/h3>\n<ul>\n<li>N\u2019ayant toujours pas fini de boire les bi\u00e8res de l\u2019ann\u00e9e pr\u00e9c\u00e9dente<a href=\"#_ftn3\" name=\"_ftnref3\">[3]<\/a>, il a pr\u00e9f\u00e9r\u00e9 abandonner ses avantages et les partager avec les jeunes salari\u00e9s afin de faciliter leurs acc\u00e8s \u00e0 la propri\u00e9t\u00e9<\/li>\n<li>Allonger sa collection de maisons, bateaux et voitures\u00a0: apr\u00e8s la Porsche, le Riva et l\u2019appartement dans le 6<sup>i\u00e8me<\/sup> arrondissement de Paris, il a pr\u00e9f\u00e9r\u00e9 en 2017 une jaguar F-Type et une maison dans le bassin d\u2019Arcachon (avec un petit ponton pour le Riva)<\/li>\n<li>Il n\u2019ose pas trop le dire, mais il ne sait pas en r\u00e9alit\u00e9 quoi faire de tant d\u2019argent\u00a0: il le laisse trainer sur son compte en banque<\/li>\n<\/ul>\n<h3>Question n\u00b06\u00a0: Chez Worldline, mon temps de travail est organis\u00e9 de la mani\u00e8re suivante\u00a0:<\/h3>\n<ul>\n<li>Mon autonomie me permet de g\u00e9rer mon temps comme je le souhaite<\/li>\n<li>Je dois respecter un horaire collectif de travail<\/li>\n<li>Je n\u2019ai jamais vraiment su comment il s\u2019organisait et de quelle mani\u00e8re il \u00e9tait d\u00e9compt\u00e9<\/li>\n<\/ul>\n<h3>Question n\u00b07\u00a0: Les actions suivantes font parties du \u00ab\u00a0well being\u00a0\u00bb chez Worldline:<\/h3>\n<ul>\n<li>Proposer une galette des rois \u00e0 l\u2019\u00e9piphanie<\/li>\n<li>Consulter les salari\u00e9s, \u00e9couter leurs attentes et leurs souhaits afin de parvenir \u00e0 la meilleure solution lors d\u2019une r\u00e9organisation<\/li>\n<li>Proposer une m\u00e9canique permettant de partager le plus \u00e9quitablement possible la richesse que nous cr\u00e9ons<\/li>\n<li>Nous permettre de regarder les matchs de foot pendant la coupe du monde<\/li>\n<\/ul>\n<h3>Question n\u00b08\u00a0: la meilleure mani\u00e8re de toujours rester inform\u00e9 de l\u2019actualit\u00e9 sociale de Worldline consiste \u00e0\u00a0:<\/h3>\n<ul>\n<li>S\u2019abonner au compte tweeter de la CFTC<\/li>\n<li>Suivre les posts de la CFTC sur son site web<\/li>\n<li>Lire les tracts \u00e9lectroniques de la CFTC<\/li>\n<li>Toutes les r\u00e9ponses pr\u00e9c\u00e9dentes<\/li>\n<\/ul>\n<h3>Question n\u00b09\u00a0: J\u2019ai la garantie d\u2019avoir une PIVA cette ann\u00e9e\u00a0:<\/h3>\n<ul>\n<li>Car j\u2019ai tellement travaill\u00e9 que ma PIVA permettra \u00e0 mon manager de bricoler un paiement de mes heures suppl\u00e9mentaires r\u00e9alis\u00e9es b\u00e9n\u00e9volement<\/li>\n<li>Car \u00e0 aucun moment durant l\u2019ann\u00e9e, mon manager ne m\u2019a fait part du moindre probl\u00e8me sur la qualit\u00e9 de mon travail<\/li>\n<li>Tout simplement car l\u2019ensemble des salari\u00e9s per\u00e7oivent une PIVA<\/li>\n<\/ul>\n<p>Vous \u00e9tiez nombreux \u00e0 avoir mal r\u00e9pondu \u00e0 cette question l\u2019ann\u00e9e derni\u00e8re, on vous la repose en guise de r\u00e9vision \ud83d\ude42<\/p>\n<h3>Question n\u00b010\u00a0: Mon salaire augmente plus doucement que le co\u00fbt de la vie, mon panier au supermarch\u00e9 me co\u00fbte toujours plus cher, afin de pr\u00e9server mon niveau de vie\u00a0:<\/h3>\n<ul>\n<li>Je me fais inviter chez mon big boss, c\u2019est toujours la f\u00eate chez lui<\/li>\n<li>Je commence \u00e0 voler quelques trucs chez Carrouf<\/li>\n<li>Je prends un petit boulot en extra, en soir\u00e9e ou le weekend<\/li>\n<li>Je rejoins la CFTC et je travaille \u00e0 leurs c\u00f4t\u00e9s afin d\u2019am\u00e9liorer les choses<\/li>\n<\/ul>\n<p><a href=\"https:\/\/cftc-atosworldline.fr\/wp\/blog\/2018\/09\/04\/le-quiz-de-la-rentree-les-reponses\/\">Pour les r\u00e9ponses c&#8217;est par l\u00e0 &#8230;<\/a><\/p>\n<p>Bien \u00e0 vous<\/p>\n<p>Toute l&#8217;\u00e9quipe CFTC<\/p>\n<hr \/>\n<p><a href=\"#_ftnref1\" name=\"_ftn1\">[1]<\/a> Il est possible que plusieurs r\u00e9ponses soient justes<\/p>\n<p><a href=\"#_ftnref2\" name=\"_ftn2\">[2]<\/a> Rappelez-vous j\u2019avais achet\u00e9 mon frigo plein de bi\u00e8re l\u2019ann\u00e9e derni\u00e8re\u00a0\ud83d\ude09<\/p>\n<p><a href=\"#_ftnref3\" name=\"_ftn3\">[3]<\/a> Voir le quizz de l\u2019\u00e9t\u00e9 2017 <a href=\"http:\/\/bit.ly\/2ud9231\">http:\/\/bit.ly\/2ud9231<\/a><\/p>\n","protected":false},"excerpt":{"rendered":"<p>C\u2019est la rentr\u00e9e, certains trainent un peu les pieds, la t\u00eate encore au bord de l\u2019eau, d\u2019autres sont tout excit\u00e9s. Pour reprendre en douceur et pour plaire aux uns et aux autres, nous vous proposons un petit quizz. En jouant le jeu, vous devriez glaner des informations croustillantes sur nos dirigeants, sur nos droits et [&hellip;]<\/p>\n","protected":false},"author":1,"featured_media":2746,"comment_status":"open","ping_status":"closed","sticky":false,"template":"","format":"standard","meta":{"_crdt_document":"","rop_custom_images_group":[],"rop_custom_messages_group":[],"rop_publish_now":"initial","rop_publish_now_accounts":[],"rop_publish_now_history":[],"rop_publish_now_status":"pending","footnotes":""},"categories":[11],"tags":[204,213],"class_list":["post-2744","post","type-post","status-publish","format-standard","has-post-thumbnail","hentry","category-nos-tracts","tag-quizz","tag-slider"],"_links":{"self":[{"href":"https:\/\/cftc-atosworldline.fr\/wp\/wp-json\/wp\/v2\/posts\/2744","targetHints":{"allow":["GET"]}}],"collection":[{"href":"https:\/\/cftc-atosworldline.fr\/wp\/wp-json\/wp\/v2\/posts"}],"about":[{"href":"https:\/\/cftc-atosworldline.fr\/wp\/wp-json\/wp\/v2\/types\/post"}],"author":[{"embeddable":true,"href":"https:\/\/cftc-atosworldline.fr\/wp\/wp-json\/wp\/v2\/users\/1"}],"replies":[{"embeddable":true,"href":"https:\/\/cftc-atosworldline.fr\/wp\/wp-json\/wp\/v2\/comments?post=2744"}],"version-history":[{"count":8,"href":"https:\/\/cftc-atosworldline.fr\/wp\/wp-json\/wp\/v2\/posts\/2744\/revisions"}],"predecessor-version":[{"id":2775,"href":"https:\/\/cftc-atosworldline.fr\/wp\/wp-json\/wp\/v2\/posts\/2744\/revisions\/2775"}],"wp:featuredmedia":[{"embeddable":true,"href":"https:\/\/cftc-atosworldline.fr\/wp\/wp-json\/wp\/v2\/media\/2746"}],"wp:attachment":[{"href":"https:\/\/cftc-atosworldline.fr\/wp\/wp-json\/wp\/v2\/media?parent=2744"}],"wp:term":[{"taxonomy":"category","embeddable":true,"href":"https:\/\/cftc-atosworldline.fr\/wp\/wp-json\/wp\/v2\/categories?post=2744"},{"taxonomy":"post_tag","embeddable":true,"href":"https:\/\/cftc-atosworldline.fr\/wp\/wp-json\/wp\/v2\/tags?post=2744"}],"curies":[{"name":"wp","href":"https:\/\/api.w.org\/{rel}","templated":true}]}}