{"id":2649,"date":"2018-07-12T13:11:07","date_gmt":"2018-07-12T13:11:07","guid":{"rendered":"https:\/\/cftc-atosworldline.fr\/wp\/?p=2649"},"modified":"2018-08-28T12:19:12","modified_gmt":"2018-08-28T12:19:12","slug":"la-politique-salariale-2018-chez-atos-et-chez-worldline","status":"publish","type":"post","link":"https:\/\/cftc-atosworldline.fr\/wp\/blog\/2018\/07\/12\/la-politique-salariale-2018-chez-atos-et-chez-worldline\/","title":{"rendered":"La politique salariale 2018 chez ATOS et chez Worldline"},"content":{"rendered":"<p style=\"text-align: justify;\">Les n\u00e9gociations relatives \u00e0 la politique salariale et au partage de la valeur ajout\u00e9e se sont termin\u00e9es r\u00e9cemment sur un \u00e9chec chez Atos et chez Worldline. Les Directions vont n\u00e9anmoins mettre en place unilat\u00e9ralement leurs projets. En voici une rapide synth\u00e8se, afin d\u2019avoir bien en t\u00eate la dynamique actuelle de notre politique salariale.<\/p>\n<h1 style=\"text-align: justify;\"><strong>Chez l\u2019UES ATOS<\/strong><\/h1>\n<h3 style=\"text-align: justify;\"><strong>\u00a0<\/strong>Sur les augmentations g\u00e9n\u00e9rales (AG)<\/h3>\n<ul style=\"text-align: justify;\">\n<li>Si (R\u00e9mun\u00e9ration &lt; 38K\u20ac)\n<ul>\n<li><strong>Alors AG = 500\u20ac<\/strong><\/li>\n<\/ul>\n<\/li>\n<li>Sinon Si ((\u00a0! Augmentation depuis 3 ans) et R\u00e9mun\u00e9ration &lt; 70K\u20ac)\n<ul>\n<li><strong>Alors AG = 900\u20ac<\/strong><\/li>\n<\/ul>\n<\/li>\n<li>Sinon\n<ul>\n<li><strong>AG = 0\u20ac<\/strong><\/li>\n<\/ul>\n<\/li>\n<\/ul>\n<p style=\"text-align: justify;\">Les augmentations seront distribu\u00e9es au 1er juillet sans effet r\u00e9troactif.<\/p>\n<h3 style=\"text-align: justify;\">Sur les augmentations individuelles (AI)<\/h3>\n<p style=\"text-align: justify;\">La Direction de l\u2019UES Atos n\u2019a pas souhait\u00e9 partager d\u2019informations sur les dispositifs d\u2019augmentations individuelles et leurs modalit\u00e9s de mise en place. Elle consid\u00e8re en effet que ces augmentations ne rel\u00e8ve pas du champ de la n\u00e9gociation collective.<\/p>\n<p style=\"text-align: justify;\">Aucune information donc sur l\u2019enveloppe de ces augmentations et sur leurs s\u00e9lectivit\u00e9s, dommage !<\/p>\n<h3 style=\"text-align: justify;\">Sur le partage de la valeur ajout\u00e9e<\/h3>\n<p style=\"text-align: justify;\">Rien \u00e0 signaler \u2026<\/p>\n<h1 style=\"text-align: justify;\"><strong>Chez l\u2019UES WORLDLINE<\/strong><\/h1>\n<h3 style=\"text-align: justify;\"><strong>\u00a0<\/strong>Sur les augmentations g\u00e9n\u00e9rales (AG)<\/h3>\n<p style=\"text-align: justify;\">Une enveloppe de 1.09% de la masse salariale qui se d\u00e9composera de la mani\u00e8re suivante :<\/p>\n<ul style=\"text-align: justify;\">\n<li>Si ( (PIVA + R\u00e9mun\u00e9ration) &lt; 79\u00a0464\u20ac)\n<ul>\n<li><strong>Alors AG = 520\u20ac<\/strong><\/li>\n<\/ul>\n<\/li>\n<li>Sinon Si ((Prime d\u2019Objectif ou Prime Commerciale) et R\u00e9mun\u00e9ration &lt; 55\u00a0625\u20ac)\n<ul>\n<li><strong>Alors AG = 520\u20ac<\/strong><\/li>\n<\/ul>\n<\/li>\n<li>Sinon\n<ul>\n<li><strong>AG = 0\u20ac<\/strong><\/li>\n<\/ul>\n<\/li>\n<\/ul>\n<h3 style=\"text-align: justify;\">Sur les augmentations individuelles (AI)<\/h3>\n<p style=\"text-align: justify;\">Une enveloppe de 2.91% de la masse salariale sera consacr\u00e9e aux augmentations individuelles. Elle se d\u00e9composera de la mani\u00e8re suivante\u00a0:<\/p>\n<ul style=\"text-align: justify;\">\n<li><strong>0.9%<\/strong> afin de g\u00e9rer les cons\u00e9quences de la r\u00e9\u00e9valuation de la grille d\u2019embauche des juniors<\/li>\n<li><strong>0.5%<\/strong> seront affect\u00e9s d\u00e8s le mois de juillet 2018 mais ne se d\u00e9bloqueront qu\u2019au premier janvier 2019 sans effet r\u00e9troactif<\/li>\n<li>Reste <strong>1.5%<\/strong> \u00e0 distribuer \u00e0 au moins 70% des salari\u00e9s<\/li>\n<\/ul>\n<p style=\"text-align: justify;\">Les augmentations seront annonc\u00e9es dans le courant du mois de juillet, elles s\u2019appliqueront au 1er ao\u00fbt 2018 avec un effet r\u00e9troactif au 1er juillet.<\/p>\n<h3 style=\"text-align: justify;\">Sur le partage de la valeur ajout\u00e9e<\/h3>\n<p style=\"text-align: justify;\">La Direction n\u2019a pas souhait\u00e9 s\u2019engager sur une am\u00e9lioration des dispositifs d\u2019int\u00e9ressement et de participation dans le cadre du projet NAO qu\u2019elle nous a soumis. En revanche, elle a r\u00e9cemment ouvert une n\u00e9gociation d\u00e9di\u00e9e \u00e0 cette th\u00e9matique qui devrait nous permettre d\u2019am\u00e9liorer les choses. Affaire \u00e0 suivre \u2026<\/p>\n<h1 style=\"text-align: justify;\"><strong>Notre analyse<\/strong><\/h1>\n<p style=\"text-align: justify;\">Les raisons de notre d\u00e9saccord et notre refus de signer le projet de la Direction sont d\u00e9taill\u00e9s <a href=\"https:\/\/cftc-atosworldline.fr\/wp\/blog\/2018\/07\/05\/interessement-une-signature-dans-la-douleur\/\" target=\"_blank\" rel=\"noopener\">sur notre site web<\/a><a href=\"#_ftn1\" name=\"_ftnref1\"><\/a>. Quelques mots n\u00e9anmoins\u00a0:<\/p>\n<p style=\"text-align: justify;\">Bien que nous rejetions les deux projets, ils ne se valent pas. Le projet Worldline est de bien meilleure qualit\u00e9\u00a0: taille des enveloppes plus importantes, transparence dans l\u2019information, ouverture de n\u00e9gociations sur le partage de la valeur ajout\u00e9e suite \u00e0 l\u2019\u00e9chec des NAO, etc.<\/p>\n<p style=\"text-align: justify;\">Il nous semble que cette diff\u00e9rence de qualit\u00e9 vient traduire un \u00e9cart dans l\u2019art et la conduite du <strong>dialogue social<\/strong> selon les diff\u00e9rentes soci\u00e9t\u00e9s. Partager l\u2019objectif de progresser vers des entreprises plus sociales, plus respectueuses et plus \u00e9quitables est la condition n\u00e9cessaire pour que le dialogue social ait une chance de fonctionner. Nous nous effor\u00e7ons de le mettre au c\u0153ur des n\u00e9gociations auxquelles nous participons. Pour l\u2019instant, \u00e7a marchouille chez Worldline alors que \u00e7a claudique chez Atos.<\/p>\n<p style=\"text-align: justify;\">Comment convaincre les Directions que l\u2019innovation sociale, l\u2019\u00e9quit\u00e9, la transparence et la qualit\u00e9 de vie au travail sont indispensables \u00e0 notre r\u00e9ussite \u00e9conomique\u00a0? Par l\u2019engagement de chacun afin de peser collectivement sur nos Directions \u2026<\/p>\n<p style=\"text-align: justify;\"><a href=\"#_ftnref1\" name=\"_ftn1\"><\/a><\/p>\n<h2>Continuer votre lecture<\/h2>\n<ol>\n<li><a href=\"https:\/\/cftc-atosworldline.fr\/wp\/blog\/2018\/07\/12\/la-politique-salariale-2018-chez-atos-et-chez-worldline\/\">La politique salariale 2018 chez ATOS et chez Worldline<\/a><\/li>\n<li><a href=\"https:\/\/cftc-atosworldline.fr\/wp\/blog\/2018\/07\/12\/la-structure-de-remuneration-chez-worldline-2\/\" target=\"_blank\" rel=\"noopener\">La structure de r\u00e9mun\u00e9ration chez Worldline<\/a><\/li>\n<li><a href=\"https:\/\/cftc-atosworldline.fr\/wp\/blog\/2018\/07\/12\/les-avantages-des-hauts-dirigeants-actionnaires\/\" target=\"_blank\" rel=\"noopener\">Les avantages des hauts dirigeants &amp; actionnaires<\/a><\/li>\n<li><a href=\"https:\/\/cftc-atosworldline.fr\/wp\/blog\/2018\/07\/12\/capital-hauts-dirigeants-vs-salaries\/\" target=\"_blank\" rel=\"noopener\">Capital &amp; hauts dirigeants VS Salari\u00e9s<\/a><\/li>\n<\/ol>\n<p>Des questions? Des infos? N\u2019h\u00e9sitez pas \u00e0 contacter <a href=\"https:\/\/cftc-atosworldline.fr\/wp\/notre-equipe\/\">un membre de l\u2019\u00e9quipe CFTC<\/a> !<\/p>\n<p>Bien \u00e0 vous<\/p>\n","protected":false},"excerpt":{"rendered":"<p>Les n\u00e9gociations relatives \u00e0 la politique salariale et au partage de la valeur ajout\u00e9e se sont termin\u00e9es r\u00e9cemment sur un \u00e9chec chez Atos et chez Worldline. Les Directions vont n\u00e9anmoins mettre en place unilat\u00e9ralement leurs projets. En voici une rapide synth\u00e8se, afin d\u2019avoir bien en t\u00eate la dynamique actuelle de notre politique salariale. Chez l\u2019UES [&hellip;]<\/p>\n","protected":false},"author":1,"featured_media":2647,"comment_status":"open","ping_status":"closed","sticky":false,"template":"","format":"standard","meta":{"_crdt_document":"","rop_custom_images_group":[],"rop_custom_messages_group":[],"rop_publish_now":"initial","rop_publish_now_accounts":[],"rop_publish_now_history":[],"rop_publish_now_status":"pending","footnotes":""},"categories":[264],"tags":[185,233,52,234,128],"class_list":["post-2649","post","type-post","status-publish","format-standard","has-post-thumbnail","hentry","category-numero-3","tag-atos","tag-journal","tag-remuneration","tag-salaire","tag-worldline"],"_links":{"self":[{"href":"https:\/\/cftc-atosworldline.fr\/wp\/wp-json\/wp\/v2\/posts\/2649","targetHints":{"allow":["GET"]}}],"collection":[{"href":"https:\/\/cftc-atosworldline.fr\/wp\/wp-json\/wp\/v2\/posts"}],"about":[{"href":"https:\/\/cftc-atosworldline.fr\/wp\/wp-json\/wp\/v2\/types\/post"}],"author":[{"embeddable":true,"href":"https:\/\/cftc-atosworldline.fr\/wp\/wp-json\/wp\/v2\/users\/1"}],"replies":[{"embeddable":true,"href":"https:\/\/cftc-atosworldline.fr\/wp\/wp-json\/wp\/v2\/comments?post=2649"}],"version-history":[{"count":7,"href":"https:\/\/cftc-atosworldline.fr\/wp\/wp-json\/wp\/v2\/posts\/2649\/revisions"}],"predecessor-version":[{"id":2743,"href":"https:\/\/cftc-atosworldline.fr\/wp\/wp-json\/wp\/v2\/posts\/2649\/revisions\/2743"}],"wp:featuredmedia":[{"embeddable":true,"href":"https:\/\/cftc-atosworldline.fr\/wp\/wp-json\/wp\/v2\/media\/2647"}],"wp:attachment":[{"href":"https:\/\/cftc-atosworldline.fr\/wp\/wp-json\/wp\/v2\/media?parent=2649"}],"wp:term":[{"taxonomy":"category","embeddable":true,"href":"https:\/\/cftc-atosworldline.fr\/wp\/wp-json\/wp\/v2\/categories?post=2649"},{"taxonomy":"post_tag","embeddable":true,"href":"https:\/\/cftc-atosworldline.fr\/wp\/wp-json\/wp\/v2\/tags?post=2649"}],"curies":[{"name":"wp","href":"https:\/\/api.w.org\/{rel}","templated":true}]}}