{"id":1642,"date":"2017-01-05T16:44:34","date_gmt":"2017-01-05T16:44:34","guid":{"rendered":"https:\/\/cftc-atosworldline.fr\/wp\/?p=1642"},"modified":"2017-01-05T16:46:31","modified_gmt":"2017-01-05T16:46:31","slug":"la-question-dp-du-mois-cpf-dif","status":"publish","type":"post","link":"https:\/\/cftc-atosworldline.fr\/wp\/blog\/2017\/01\/05\/la-question-dp-du-mois-cpf-dif\/","title":{"rendered":"La question DP du mois: CPF &#038; DIF"},"content":{"rendered":"<p>Le Compte Personnel de formation est\u00a0 en place depuis maintenant plus de 2 ann\u00e9es (Lancement le 01\/01\/2015), pourtant certains salari\u00e9s ne l\u2019ont toujours pas activ\u00e9 et beaucoup ne savent pas exactement \u00e0 quoi il sert.<\/p>\n<p>Mini topo afin de vous donner toutes les informations de bases pour vous y retrouver.<\/p>\n<p>Bonne lecture<\/p>\n<p><!--more--><\/p>\n<h3>Pr\u00e9sentation<\/h3>\n<p>Le Compte Personnel de Formation (CPF), contrairement au Droit Individuel \u00e0 la Formation (DIF), est ouvert \u00e0 tous les actifs, salari\u00e9s et ch\u00f4meurs, ind\u00e9pendamment de leurs statuts. Il accompagnera les actifs durant toutes leurs carri\u00e8res.<\/p>\n<p>Il est aliment\u00e9 annuellement \u00e0 hauteur de 24h pour un salari\u00e9 \u00e0 temps plein. Nous sommes actuellement en train de n\u00e9gocier notre accord GPEC qui pourrait pr\u00e9voir des dispositions plus favorables.<\/p>\n<p>Le CPF est rattach\u00e9 \u00e0 votre personne, et non pas \u00e0 votre contrat de travail via le Compte Personnel d\u2019Activit\u00e9 qui est constitu\u00e9\u00a0:<\/p>\n<ul>\n<li>du CPF<\/li>\n<li>du Compte personnel de pr\u00e9vention de la p\u00e9nibilit\u00e9 (C3P)<\/li>\n<li>du compte d\u2019engagement citoyen<\/li>\n<\/ul>\n<h3>Ouvrir votre CPF<\/h3>\n<h4>Vos heures de DIF<\/h4>\n<p>La premi\u00e8re chose \u00e0 faire avant m\u00eame de se diriger sur le site du CPF est de r\u00e9cup\u00e9rer vos heures DIF acquises et non utilis\u00e9es au 01\/01\/2015.<\/p>\n<p>La Direction avait l\u2019obligation d\u2019informer l\u2019ensemble des salari\u00e9s de leurs droits au DIF acquis et non utilis\u00e9s afin qu\u2019ils puissent les porter sur leur CPF. Cela a bien \u00e9t\u00e9 fait chez Worldline, vous auriez d\u00fb recevoir normalement un courrier au d\u00e9but de l\u2019ann\u00e9e 2015.<\/p>\n<p>Si vous ne parvenez pas \u00e0 mettre la main dessus, pas de probl\u00e8me\u00a0: Il convient d\u2019envoyer un mail \u00e0 <a href=\"mailto:AWL-france-Training@atos.net\">AWL-france-Training@atos.net<\/a> et le courrier sera \u00e0 nouveau envoy\u00e9.<\/p>\n<h4>Cr\u00e9er votre Compte Personnel de Formation<\/h4>\n<p>RDV sur le site <a href=\"http:\/\/www.moncompteformation.gouv.fr\/\">www.moncompteformation.gouv.fr<\/a> puis sur la page d\u00e9di\u00e9e \u00e0 la cr\u00e9ation de votre compte.<\/p>\n<p>Vous aurez besoin\u00a0\u00e0 minima des informations suivantes :<\/p>\n<ul>\n<li>De votre num\u00e9ro de s\u00e9curit\u00e9 sociale<\/li>\n<li>De votre nom<\/li>\n<li>De votre date de naissance<\/li>\n<li>De votre courriel<\/li>\n<\/ul>\n<p>Un clic et c\u2019est parti\u00a0!<\/p>\n<h4>Transf\u00e9rer vos heures de DIF sur le CPF<\/h4>\n<p>Beaucoup de salari\u00e9s chez Worldline ont tr\u00e8s peu utilis\u00e9 leurs heures de DIF, il est donc important de bien penser \u00e0 les transf\u00e9rer sur le CPF afin de ne pas les perdre.<\/p>\n<p>En effet le transfert n\u2019est pas automatique et d\u00e8s lors qu\u2019une formation sera r\u00e9alis\u00e9e dans le cadre du CPF il ne sera plus possible de transf\u00e9rer vos heures.<\/p>\n<p>La proc\u00e9dure de transf\u00e8re est toute simple\u00a0:<\/p>\n<p>Dans le menu de gauche, \u00ab\u00a0Mon compte d\u2019heures\u00a0\u00bb, \u00ab\u00a0Mes \u00a0heures de DIF\u00a0\u00bb puis il suffit de renseigner le solde d\u2019heures DIF non utilis\u00e9es au 01\/01\/2015. Si vous ne poss\u00e9dez pas cette information, r\u00e9f\u00e9rez-vous \u00e0 la petite proc\u00e9dure d\u00e9crite ci-dessus.<\/p>\n<p>Vous pouvez maintenant utiliser votre CPF pour vous former\u00a0!<\/p>\n<h3>Utiliser votre CPF<\/h3>\n<h4>Les formations \u00e9ligibles<\/h4>\n<p>Les formations pouvant \u00eatre suivies dans le cadre du CPF sont d\u00e9limit\u00e9es.<\/p>\n<p>Pour les connaitre, vous pouvez <a href=\"http:\/\/www.moncompteformation.gouv.fr\/\">consulter le site du CPF<\/a> en passant par le moteur de recherche de formation\u00a0:<\/p>\n<ul>\n<li>Renseigner votre code postal<\/li>\n<li>Puis le code APE de Worldline\u00a0: 63.11Z<\/li>\n<\/ul>\n<h4>Faire une demande de formation<\/h4>\n<p>Au pr\u00e9alable il est pertinent de jeter un \u0153il \u00e0 <a href=\"https:\/\/intranet.atosworldline.com\/adminV3\/ContentManager\/display\/000\/023\/750\/237500.pdf\">la notice de la Direction<\/a> d\u00e9crivant toutes les petites choses, le process de validation, le d\u00e9roulement et la mise en place de la formation.<\/p>\n<p>Vous devrez ensuite renseigner les 2 formulaires suivants :<\/p>\n<ul>\n<li>Le formulaire d\u2019absence \u00ab\u00a0Demande d\u2019autorisation d\u2019absence au titre du CPF\u00a0\u00bb que vous trouverez sur <a href=\"https:\/\/intranet.atosworldline.com\/adminV3\/ContentManager\/display\/000\/023\/750\/237500.pdf\">l\u2019intranet de notre entreprise<\/a>.<\/li>\n<li>Le formulaire FAFIEC \u00ab\u00a0Compte Personnel de Formation (CPF) Demande de Prise en charge\u00a0\u00bb que vous pouvez t\u00e9l\u00e9charger sur <a href=\"https:\/\/cftc-atosworldline.fr\/wp\/wp-content\/uploads\/2017\/01\/CPF-Demande-prise-en-charge-FAFIEC.pdf\" target=\"_blank\">le site de la CFTC<\/a>.<\/li>\n<\/ul>\n<p>Tout devrait alors bien se passer \ud83d\ude42<\/p>\n<p>Si vous avez la moindre question, n\u2019h\u00e9sitez pas \u00e0 nous contacter.<\/p>\n<p>Toute l\u2019\u00e9quipe de la CFTC<\/p>\n","protected":false},"excerpt":{"rendered":"<p>Le Compte Personnel de formation est\u00a0 en place depuis maintenant plus de 2 ann\u00e9es (Lancement le 01\/01\/2015), pourtant certains salari\u00e9s ne l\u2019ont toujours pas activ\u00e9 et beaucoup ne savent pas exactement \u00e0 quoi il sert. Mini topo afin de vous donner toutes les informations de bases pour vous y retrouver. Bonne lecture<\/p>\n","protected":false},"author":1,"featured_media":1643,"comment_status":"open","ping_status":"open","sticky":false,"template":"","format":"standard","meta":{"_crdt_document":"","rop_custom_images_group":[],"rop_custom_messages_group":[],"rop_publish_now":"initial","rop_publish_now_accounts":[],"rop_publish_now_history":[],"rop_publish_now_status":"pending","footnotes":""},"categories":[65],"tags":[172,173,61,53],"class_list":["post-1642","post","type-post","status-publish","format-standard","has-post-thumbnail","hentry","category-nos-droits","tag-cpf","tag-dif","tag-droit","tag-formation"],"_links":{"self":[{"href":"https:\/\/cftc-atosworldline.fr\/wp\/wp-json\/wp\/v2\/posts\/1642","targetHints":{"allow":["GET"]}}],"collection":[{"href":"https:\/\/cftc-atosworldline.fr\/wp\/wp-json\/wp\/v2\/posts"}],"about":[{"href":"https:\/\/cftc-atosworldline.fr\/wp\/wp-json\/wp\/v2\/types\/post"}],"author":[{"embeddable":true,"href":"https:\/\/cftc-atosworldline.fr\/wp\/wp-json\/wp\/v2\/users\/1"}],"replies":[{"embeddable":true,"href":"https:\/\/cftc-atosworldline.fr\/wp\/wp-json\/wp\/v2\/comments?post=1642"}],"version-history":[{"count":2,"href":"https:\/\/cftc-atosworldline.fr\/wp\/wp-json\/wp\/v2\/posts\/1642\/revisions"}],"predecessor-version":[{"id":1645,"href":"https:\/\/cftc-atosworldline.fr\/wp\/wp-json\/wp\/v2\/posts\/1642\/revisions\/1645"}],"wp:featuredmedia":[{"embeddable":true,"href":"https:\/\/cftc-atosworldline.fr\/wp\/wp-json\/wp\/v2\/media\/1643"}],"wp:attachment":[{"href":"https:\/\/cftc-atosworldline.fr\/wp\/wp-json\/wp\/v2\/media?parent=1642"}],"wp:term":[{"taxonomy":"category","embeddable":true,"href":"https:\/\/cftc-atosworldline.fr\/wp\/wp-json\/wp\/v2\/categories?post=1642"},{"taxonomy":"post_tag","embeddable":true,"href":"https:\/\/cftc-atosworldline.fr\/wp\/wp-json\/wp\/v2\/tags?post=1642"}],"curies":[{"name":"wp","href":"https:\/\/api.w.org\/{rel}","templated":true}]}}