{"id":1515,"date":"2016-09-29T10:09:08","date_gmt":"2016-09-29T10:09:08","guid":{"rendered":"https:\/\/cftc-atosworldline.fr\/wp\/?p=1515"},"modified":"2016-09-29T10:10:21","modified_gmt":"2016-09-29T10:10:21","slug":"rentree-scolaire","status":"publish","type":"post","link":"https:\/\/cftc-atosworldline.fr\/wp\/blog\/2016\/09\/29\/rentree-scolaire\/","title":{"rendered":"Rentr\u00e9e scolaire"},"content":{"rendered":"<p style=\"text-align: justify;\"><strong>Bonjour \u00e0 tous !<\/strong><\/p>\n<p>A la mani\u00e8re de nos petits bambins ou de nos grands ados, nous vous invitons apr\u00e8s ces quelques mois d\u2019\u00e9t\u00e9 \u00e0 reprendre le chemin des \u00e9coliers \ud83d\ude42<\/p>\n<p>Dans le cadre d\u2019un master de recherche encadr\u00e9 par l\u2019Universit\u00e9 Lumi\u00e8re \u00e0 Lyon, plusieurs membres de l\u2019\u00e9quipe CFTC ont particip\u00e9 durant une ann\u00e9e \u00e0 une recherche sociologique dont le sujet principal fut les salari\u00e9s de Worldline.<\/p>\n<p><!--more--><\/p>\n<p>Une v\u00e9ritable aubaine afin de mieux comprendre ce qui se trame en silence au c\u0153ur de Worldline.<\/p>\n<p>21 entretiens semi-directifs, plus de 35 heures de conversations pour un copieux m\u00e9moire essayant au fil des pages de r\u00e9pondre \u00e0 la probl\u00e9matique suivante :<\/p>\n<p><strong>En quoi et comment les conditions d\u2019exercice du m\u00e9tier d\u2019informaticien chez Worldline entrent-elles partiellement en contradiction avec les dispositions et les repr\u00e9sentations qui sont celles des ing\u00e9nieurs informaticiens ?<\/strong><\/p>\n<p>L\u2019\u00e9tude cible principalement les informaticiens, mais ses conclusions s\u2019adressent \u00e0 nous tous, vous allez voir \ud83d\ude42<\/p>\n<p>Le m\u00e9moire s\u2019articule autour de 3 grandes th\u00e9matiques dont nous avons s\u00e9lectionn\u00e9 pour vous les meilleures pages :<\/p>\n<ol style=\"text-align: justify;\">\n<li>Dans un premier temps, on s\u2019int\u00e9ressera \u00e0 \u00ab\u00a0<a href=\"http:\/\/bit.ly\/2cyQaPU\" target=\"_blank\" data-cke-saved-href=\"http:\/\/bit.ly\/2cyQaPU\">l\u2019ing\u00e9nieur informaticien abstrait<\/a>\u00a0\u00bb, afin de dresser le portrait \u00ab de la personne collective d\u2019o\u00f9 les personnes individuelles tirent le nom commun qui les d\u00e9signe \u00bb;<\/li>\n<li>On se penchera ensuite sur <a href=\"http:\/\/bit.ly\/2doUlPV\" target=\"_blank\" data-cke-saved-href=\"http:\/\/bit.ly\/2doUlPV\">les r\u00e9alit\u00e9s du travail d\u2019informaticien au sein de Worldline<\/a>, en essayant de rendre visible les \u00e9carts et les manques de concordances entre les attentes des informaticiens et les r\u00e9alit\u00e9s du m\u00e9tier;<\/li>\n<li>Finalement et apr\u00e8s avoir montr\u00e9 que plusieurs \u00e9l\u00e9ments cl\u00e9s de \u00ab\u00a0l\u2019identit\u00e9\u00a0\u00bb des informaticiens sont remis en cause par l\u2019organisation du travail au sein de Worldline, on verra <a href=\"http:\/\/bit.ly\/2cAgK03\" target=\"_blank\" data-cke-saved-href=\"http:\/\/bit.ly\/2cAgK03\">comment les informaticiens parviennent \u00e0 pr\u00e9server leurs motivations<\/a>\u00a0: Quelles techniques, quelles strat\u00e9gies d\u00e9ploient-ils pour perp\u00e9tuer le go\u00fbt de leur travail ? Comment r\u00e9ussissent-ils \u00e0 se d\u00e9placer au sein de l\u2019organisation pour pr\u00e9server ou bien retrouver une dimension importante de leur m\u00e9tier ?<\/li>\n<\/ol>\n<p style=\"text-align: justify;\">Cette \u00e9tude nous semble importante \u00e0 plusieurs titres\u00a0:<\/p>\n<ul style=\"text-align: justify;\">\n<li>Elle souligne les caract\u00e9ristiques de nos m\u00e9tiers et de nos emplois auxquelles nous tenons et que nous souhaitons pr\u00e9server;<\/li>\n<li>Elle rend audible un grand nombre de situations d\u00e9licates et de difficult\u00e9s que nous pr\u00e9f\u00e9rons taire dans la majorit\u00e9 des cas;<\/li>\n<li>Elle atteste de notre go\u00fbt pour des r\u00e9ponses individuelles face \u00e0 des difficult\u00e9s que nous rencontrons tous. Les solutions apport\u00e9es sont localis\u00e9es alors que les m\u00eames probl\u00e8mes peuvent \u00eatre rencontr\u00e9s par des coll\u00e8gues qui doivent repartir \u00e0 z\u00e9ro pour trouver une solution;<\/li>\n<li>Elle confirme la validit\u00e9 d\u2019un syndicalisme de terrain que nous pr\u00f4nons\u00a0: ensemble nous pouvons construire une organisation du travail plus respectueuse de nos m\u00e9tiers et de nos souhaits afin que nous puissions tous nous \u00e9panouir dans notre travail. Aux probl\u00e8mes de notre organisation, inventons des solutions collectives\u00a0!<\/li>\n<li>Elle renforce notre conviction de s\u2019ouvrir le plus possible \u00e0 des acteurs ext\u00e9rieurs \u00e0 Worldline afin de mieux comprendre notre r\u00e9alit\u00e9\u00a0: universitaires, acteurs associatifs, philosophes et artistes, etc. La transversalit\u00e9 est notre dada.<\/li>\n<\/ul>\n<p style=\"text-align: justify;\">La suite de la lecture <a href=\"http:\/\/bit.ly\/2cyQaPU\" target=\"_blank\" data-cke-saved-href=\"http:\/\/bit.ly\/2cyQaPU\">c&#8217;est par l\u00e0<\/a><\/p>\n<p style=\"text-align: justify;\">Tr\u00e8s bonne lecture<\/p>\n","protected":false},"excerpt":{"rendered":"<p>Bonjour \u00e0 tous ! A la mani\u00e8re de nos petits bambins ou de nos grands ados, nous vous invitons apr\u00e8s ces quelques mois d\u2019\u00e9t\u00e9 \u00e0 reprendre le chemin des \u00e9coliers \ud83d\ude42 Dans le cadre d\u2019un master de recherche encadr\u00e9 par l\u2019Universit\u00e9 Lumi\u00e8re \u00e0 Lyon, plusieurs membres de l\u2019\u00e9quipe CFTC ont particip\u00e9 durant une ann\u00e9e \u00e0 [&hellip;]<\/p>\n","protected":false},"author":1,"featured_media":1516,"comment_status":"open","ping_status":"open","sticky":false,"template":"","format":"standard","meta":{"_crdt_document":"","rop_custom_images_group":[],"rop_custom_messages_group":[],"rop_publish_now":"initial","rop_publish_now_accounts":[],"rop_publish_now_history":[],"rop_publish_now_status":"pending","footnotes":""},"categories":[11],"tags":[58,44,27,159],"class_list":["post-1515","post","type-post","status-publish","format-standard","has-post-thumbnail","hentry","category-nos-tracts","tag-important","tag-sociologie","tag-tract","tag-universite"],"_links":{"self":[{"href":"https:\/\/cftc-atosworldline.fr\/wp\/wp-json\/wp\/v2\/posts\/1515","targetHints":{"allow":["GET"]}}],"collection":[{"href":"https:\/\/cftc-atosworldline.fr\/wp\/wp-json\/wp\/v2\/posts"}],"about":[{"href":"https:\/\/cftc-atosworldline.fr\/wp\/wp-json\/wp\/v2\/types\/post"}],"author":[{"embeddable":true,"href":"https:\/\/cftc-atosworldline.fr\/wp\/wp-json\/wp\/v2\/users\/1"}],"replies":[{"embeddable":true,"href":"https:\/\/cftc-atosworldline.fr\/wp\/wp-json\/wp\/v2\/comments?post=1515"}],"version-history":[{"count":2,"href":"https:\/\/cftc-atosworldline.fr\/wp\/wp-json\/wp\/v2\/posts\/1515\/revisions"}],"predecessor-version":[{"id":1518,"href":"https:\/\/cftc-atosworldline.fr\/wp\/wp-json\/wp\/v2\/posts\/1515\/revisions\/1518"}],"wp:featuredmedia":[{"embeddable":true,"href":"https:\/\/cftc-atosworldline.fr\/wp\/wp-json\/wp\/v2\/media\/1516"}],"wp:attachment":[{"href":"https:\/\/cftc-atosworldline.fr\/wp\/wp-json\/wp\/v2\/media?parent=1515"}],"wp:term":[{"taxonomy":"category","embeddable":true,"href":"https:\/\/cftc-atosworldline.fr\/wp\/wp-json\/wp\/v2\/categories?post=1515"},{"taxonomy":"post_tag","embeddable":true,"href":"https:\/\/cftc-atosworldline.fr\/wp\/wp-json\/wp\/v2\/tags?post=1515"}],"curies":[{"name":"wp","href":"https:\/\/api.w.org\/{rel}","templated":true}]}}