{"id":10,"date":"2014-01-24T11:55:00","date_gmt":"2014-01-24T11:55:00","guid":{"rendered":"https:\/\/cftc-atosworldline.fr\/wp\/?p=10"},"modified":"2015-01-12T11:33:50","modified_gmt":"2015-01-12T11:33:50","slug":"20140124nao-2014-nos-revendications","status":"publish","type":"post","link":"https:\/\/cftc-atosworldline.fr\/wp\/blog\/2014\/01\/24\/20140124nao-2014-nos-revendications\/","title":{"rendered":"NAO 2014 &#8211; Nos revendications"},"content":{"rendered":"<p>Les revendications de la CFTC lors de la n\u00e9gociation annuelle obligatoire de l&#8217;ann\u00e9e 2014. Des mesures salariales, la qualit\u00e9 de vie au travail et la responsabilit\u00e9 soci\u00e9tale sont au c\u0153ur de nos revendications.<br \/>\n<!--more--><\/p>\n<h3>Mesures salariales<\/h3>\n<p>Prenant en consid\u00e9ration votre engagement lors de la n\u00e9gociation 2013 de neutraliser l\u2019impact de la prime vacance sur l\u2019enveloppe des augmentations 2014, la CFTC revendique une enveloppe d\u2019augmentation \u00e9quivalente \u00e0 celle de l\u2019ann\u00e9e derni\u00e8re plus la compl\u00e9tion de la prime vacance jusqu\u2019\u00e0 son montant l\u00e9gal.<\/p>\n<h3>Classification Syntec &amp; GCM<\/h3>\n<p>Concernant le traitement de diff\u00e9rents probl\u00e8mes de classification identifi\u00e9s, la CFTC demande :<\/p>\n<ul>\n<li>Que les salari\u00e9s Cadres ayant plus de 2 ans d\u2019anciennet\u00e9 dans l\u2019\u00e9chelon 1.1 et 1.2 soient promus \u00e0 l\u2019\u00e9chelon 2.1 correspondant<\/li>\n<li>Que les salari\u00e9s Cadres ayant plus de 6 ans d\u2019anciennet\u00e9 dans l\u2019\u00e9chelon 2.1 soient promus \u00e0 l\u2019\u00e9chelon 2.2 correspondant.<\/li>\n<li>Que les salari\u00e9s n\u2019ayant pas vu leurs codes GCM \u00e9volu\u00e9s depuis plus de 4 ans dans les \u00e9chelons 1, 2, 3 et 4 rencontrent obligatoirement leurs RRH &amp; manager afin de s\u2019assurer qu\u2019ils sont bien positionn\u00e9s. Le cas \u00e9ch\u00e9ant l\u2019entretien permettra de d\u00e9terminer les formations n\u00e9cessaires pour l\u2019\u00e9volution.<\/li>\n<\/ul>\n<h3>Qualit\u00e9 de vie au travail<\/h3>\n<p>En pr\u00e9ambule, la CFTC rappelle \u00e0 la direction les points suivants :<\/p>\n<ul>\n<li>La sant\u00e9, selon l\u2019OMS, est \u00ab un \u00e9tat de complet bien-\u00eatre physique, mental et social, et qu&#8217;elle ne consiste pas seulement en une absence de maladie ou d&#8217;infirmit\u00e9 \u00bb,<\/li>\n<li>La protection de la sant\u00e9 physique et mentale des salari\u00e9s est une obligation de s\u00e9curit\u00e9 de r\u00e9sultat pour la direction.<\/li>\n<li>La qualit\u00e9 de vie au travail est d\u00e9terminante de la performance de l\u2019entreprise, elle doit \u00eatre consid\u00e9r\u00e9e comme un moyen de d\u00e9veloppement et non pas comme une concession sociale.<\/li>\n<li>Le salari\u00e9 est au centre de la performance globale d\u2019AWL.<\/li>\n<\/ul>\n<p>Dans la lign\u00e9e de nos revendications 2013, la CFTC demande \u00e0 nouveau l\u2019ouverture d\u2019une n\u00e9gociation sur la qualit\u00e9 de vie au travail. Nous r\u00e9affirmons qu\u2019il est primordiale d\u2019avoir une d\u00e9marche globale, le traitement d\u2019un probl\u00e8me sp\u00e9cifique (RPS, management, condition de travail, etc.) ind\u00e9pendamment des autres, ne pourra apporter qu\u2019une solution partielle insatisfaisante.<\/p>\n<h4>Dialogue social<\/h4>\n<p>Qualit\u00e9 de vie au travail qui passe par un dialogue social de qualit\u00e9. A la vue de la participation m\u00e9diocre des salari\u00e9s lors des \u00e9lections professionnelles 2013, nous demandons la mise en place imm\u00e9diate des revendications suivantes :<\/p>\n<ul>\n<li>Des espaces de discussion collective sur la vie au travail comme le pr\u00e9conise l\u2019accord national interprofessionnel de juin 2013<\/li>\n<li>Des sessions de formation \u00ab D\u00e9couverte du syndicalisme \u00bb dans le catalogue des formations prioritaires du DIF<\/li>\n<\/ul>\n<h4>Compte Epargne Temps (CET)<\/h4>\n<p>La CFTC demande \u00e0 nouveau la modification du fonctionnement du CET :<\/p>\n<ul>\n<li>Ouverture du CET au moins de 45 ans<\/li>\n<li>\u00c9largir les modalit\u00e9s d\u2019utilisation du CET : Cong\u00e9s responsable, r\u00e9duction du temps de travail et maintien du salaire \u00e0 100%, cong\u00e9s de solidarit\u00e9 internationale et familiale, cong\u00e9s pour formations en dehors du temps de travail, etc.<\/li>\n<li>Pour plus d\u2019information, voir les propositions de l\u2019intersyndical lors de la n\u00e9gociation sur les statuts sociaux de l\u2019entreprise<\/li>\n<\/ul>\n<h4>Le t\u00e9l\u00e9travail<\/h4>\n<p>La CFTC consid\u00e8re le t\u00e9l\u00e9travail comme l\u2019un des outils \u00e0 notre disposition pour casser la culture du pr\u00e9sentisme nuisible \u00e0 la majorit\u00e9 des salari\u00e9s et tout particuli\u00e8rement aux femmes. La confiance doit \u00eatre au c\u0153ur de la relation manag\u00e9riale. Une sensibilisation de notre management et des salari\u00e9s passe par des formations et une v\u00e9ritable conduite du changement afin que le t\u00e9l\u00e9travail soit consid\u00e9r\u00e9 comme un outil positif pour tous. La CFTC demande que les r\u00e8gles d\u2019attribution du t\u00e9l\u00e9travail soient assouplies. La r\u00e9f\u00e9rence \u00e0 la distance entre le lieu de travail et le domicile doit \u00eatre supprim\u00e9e des \u00e9l\u00e9ments importants pris en compte lors de la d\u00e9cision.<\/p>\n<h4>Sur les stagiaires<\/h4>\n<p>La CFTC s\u2019inqui\u00e8te de l\u2019utilisation des stagiaires par Worldline. Population \u00e0 risque souhaitant r\u00e9guli\u00e8rement se faire valoir en vue d\u2019une embauche, il est fr\u00e9quent que les stagiaires soient amen\u00e9s \u00e0 travailler bien au-del\u00e0 de ce qu\u2019il est pr\u00e9vu dans leurs conventions. La CFTC souhaiterait que la direction reconnaisse les stagiaires comme une population sensible aux risques psycho-sociaux. Afin de pr\u00e9venir tous probl\u00e8mes et gardant bien en t\u00eate que les stagiaires ne sont pas prot\u00e9g\u00e9s par le droit du travail, la CFTC revendique les points suivants :<\/p>\n<ul>\n<li>la direction doit imposer un jour de cong\u00e9 minimal par mois lors de la signature des conventions de stage avec les \u00e9coles.<\/li>\n<li>\u00c9tablissement d&#8217;un d\u00e9compte des dur\u00e9es de pr\u00e9sence pour la population des stagiaires<\/li>\n<\/ul>\n<h4>Le site lyonnais de Kruger<\/h4>\n<ul>\n<li>Mettre \u00e0 disposition des salari\u00e9s une salle de repos<\/li>\n<li>Donner la possibilit\u00e9 aux salari\u00e9s de choisir entre les tickets restaurant et le restaurant d&#8217;entreprise<\/li>\n<\/ul>\n<h3>Responsabilit\u00e9 soci\u00e9tale<\/h3>\n<p>Prenant en consid\u00e9ration les points suivant :<\/p>\n<ul>\n<li>La CFTC rappelle \u00e0 la direction que la gestion des activit\u00e9s sociales est la comp\u00e9tence exclusive du comit\u00e9 d\u2019entreprise. Le comit\u00e9 d\u2019entreprise serait en droit de r\u00e9clamer le budget et la gestion de l\u2019activit\u00e9 \u00ab Vie ton r\u00eave \u00bb.<\/li>\n<li>Alors que la direction s\u2019\u00e9tait engag\u00e9e \u00e0 \u00e9tudier les mesures susceptibles d\u2019inciter les collaborateurs \u00e0 utiliser les transports en communs en 2008, forc\u00e9 de constater que le travail r\u00e9alis\u00e9 n\u2019est pas complet et qu\u2019il est possible de faire beaucoup plus aujourd\u2019hui.<\/li>\n<li>Les actions de minimisation de notre impact sur notre environnement sont uniform\u00e9ment r\u00e9parties entre les diff\u00e9rents sites d\u2019AWL. Les exp\u00e9rimentations doivent \u00eatre suivies d\u2019une \u00e9valuation et d\u2019une impl\u00e9mentation \u00e9largie le cas \u00e9ch\u00e9ant.<\/li>\n<li>La CFTC constate le manque de coh\u00e9rence et de lisibilit\u00e9 des actions men\u00e9es par la direction dans le cadre de sa responsabilit\u00e9 soci\u00e9tale. Un soutien \u00e0 l\u2019engagement associatif des collaborateurs tr\u00e8s limit\u00e9. Un projet \u00ab vie ton r\u00eave \u00bb dot\u00e9 d\u2019un budget 40 000\u20ac excluant les organisations syndicales de la d\u00e9lib\u00e9ration, s\u2019apparentant plus \u00e0 une action de communication qu\u2019\u00e0 un r\u00e9el engagement soci\u00e9tale.<\/li>\n<li>Les collaborateurs sont en attente d\u2019action de sensibilisation au respect de notre environnement, de minimisation de notre impact sur l\u2019environnement, d\u2019un d\u00e9veloppement respectueux des g\u00e9n\u00e9rations futures, d\u2019une prise en compte du territoire dans lequel s\u2019inscrit notre activit\u00e9, etc.<\/li>\n<\/ul>\n<p>Au vu de ces \u00e9l\u00e9ments, la CFTC demande l\u2019ouverture d\u2019une n\u00e9gociation sur le th\u00e8me de la responsabilit\u00e9 soci\u00e9tale de notre entreprise. N\u00e9anmoins, il est possible d\u2019engager des actions imm\u00e9diatement dans le cadre de la responsabilit\u00e9 soci\u00e9tale :<\/p>\n<ul>\n<li>D\u00e9velopper l\u2019\u00e9ducation \u00e0 l\u2019environnement dans nos entreprises par des formations et des actions concr\u00e8tes<\/li>\n<li>Syst\u00e9matiser le tri s\u00e9lectif des d\u00e9chets sur l&#8217;ensemble des sites * Proposer des repas bios et locaux dans nos restaurants d\u2019entreprise<\/li>\n<li>Prendre en charge 50% des abonnements \u00e0 des services d\u2019auto partage \u00e0 la mani\u00e8re de ce que nous faisons pour les v\u00e9los<\/li>\n<li>A la mani\u00e8re de ce qui est fait sur Bezons, proposer des voitures \u00e9lectriques en acc\u00e8s libre sur nos diff\u00e9rents sites<\/li>\n<\/ul>\n<h3>Divers<\/h3>\n<ul>\n<li>Attribuer une demie journ\u00e9e d&#8217;absence par an et par salari\u00e9 \u00e9tranger afin de leurs permettre de renouveler leurs titres de s\u00e9jours<\/li>\n<li>Ouverture d&#8217;une n\u00e9gociation relative \u00e0 la mise en place d&#8217;un PERCO<\/li>\n<li>Ouvrir les formations DIF \u00e0 l\u2019ensemble des organismes de formation<\/li>\n<\/ul>\n","protected":false},"excerpt":{"rendered":"<p>Les revendications de la CFTC lors de la n\u00e9gociation annuelle obligatoire de l&#8217;ann\u00e9e 2014. Des mesures salariales, la qualit\u00e9 de vie au travail et la responsabilit\u00e9 soci\u00e9tale sont au c\u0153ur  de nos revendications.<\/p>\n","protected":false},"author":1,"featured_media":56,"comment_status":"open","ping_status":"open","sticky":false,"template":"","format":"standard","meta":{"_crdt_document":"","rop_custom_images_group":[],"rop_custom_messages_group":[],"rop_publish_now":"initial","rop_publish_now_accounts":[],"rop_publish_now_history":[],"rop_publish_now_status":"pending","footnotes":""},"categories":[19],"tags":[37,35,41,25,48,42],"class_list":["post-10","post","type-post","status-publish","format-standard","has-post-thumbnail","hentry","category-nao","tag-augmentation","tag-condition-de-travail","tag-nao","tag-negociation","tag-revendication","tag-rse"],"_links":{"self":[{"href":"https:\/\/cftc-atosworldline.fr\/wp\/wp-json\/wp\/v2\/posts\/10","targetHints":{"allow":["GET"]}}],"collection":[{"href":"https:\/\/cftc-atosworldline.fr\/wp\/wp-json\/wp\/v2\/posts"}],"about":[{"href":"https:\/\/cftc-atosworldline.fr\/wp\/wp-json\/wp\/v2\/types\/post"}],"author":[{"embeddable":true,"href":"https:\/\/cftc-atosworldline.fr\/wp\/wp-json\/wp\/v2\/users\/1"}],"replies":[{"embeddable":true,"href":"https:\/\/cftc-atosworldline.fr\/wp\/wp-json\/wp\/v2\/comments?post=10"}],"version-history":[{"count":3,"href":"https:\/\/cftc-atosworldline.fr\/wp\/wp-json\/wp\/v2\/posts\/10\/revisions"}],"predecessor-version":[{"id":86,"href":"https:\/\/cftc-atosworldline.fr\/wp\/wp-json\/wp\/v2\/posts\/10\/revisions\/86"}],"wp:featuredmedia":[{"embeddable":true,"href":"https:\/\/cftc-atosworldline.fr\/wp\/wp-json\/wp\/v2\/media\/56"}],"wp:attachment":[{"href":"https:\/\/cftc-atosworldline.fr\/wp\/wp-json\/wp\/v2\/media?parent=10"}],"wp:term":[{"taxonomy":"category","embeddable":true,"href":"https:\/\/cftc-atosworldline.fr\/wp\/wp-json\/wp\/v2\/categories?post=10"},{"taxonomy":"post_tag","embeddable":true,"href":"https:\/\/cftc-atosworldline.fr\/wp\/wp-json\/wp\/v2\/tags?post=10"}],"curies":[{"name":"wp","href":"https:\/\/api.w.org\/{rel}","templated":true}]}}